{"id":398,"date":"2023-12-18T14:31:27","date_gmt":"2023-12-18T14:31:27","guid":{"rendered":"https:\/\/reiderstadinvest.com\/area\/?p=398"},"modified":"2024-10-03T09:17:44","modified_gmt":"2024-10-03T09:17:44","slug":"die-verschiedenen-regionen-mallorcas","status":"publish","type":"post","link":"https:\/\/reiderstadinvest.com\/area\/de\/die-verschiedenen-regionen-mallorcas\/","title":{"rendered":"Die verschiedenen Regionen Mallorcas \u00a0"},"content":{"rendered":"\n<div style=\"height:20px\" aria-hidden=\"true\" class=\"wp-block-spacer\"><\/div>\n\n\n\n<p>Mallorca, die <strong>gr\u00f6\u00dfte<\/strong> der spanischen <strong>Baleareninseln <\/strong>mit \u00fcber <strong>300 Sonnentage<\/strong> im Jahr, ist vielf\u00e4ltiger, als Sie vielleicht denken. Aufgeteilt in <strong>verschiedene Regionen<\/strong>, jede mit ihrem eigenen Charakter und ihren eigenen Attraktionen, <strong>\u00fcberrascht<\/strong> die <strong>Insel<\/strong> immer wieder aufs Neue. Lassen Sie uns gemeinsam die verschiedenen Ecken Mallorcas entdecken!<\/p>\n\n\n\n<figure class=\"wp-block-gallery has-nested-images columns-default is-cropped wp-block-gallery-1 is-layout-flex wp-block-gallery-is-layout-flex\">\n<figure class=\"wp-block-image size-large wider-image\"><img decoding=\"async\" width=\"2048\" height=\"1152\" data-id=\"335\" src=\"https:\/\/reiderstadinvest.com\/area\/wp-content\/uploads\/2023\/12\/3D473679-485A-4E33-9E8E-F6F8016D17B1-edited-scaled.jpg\" alt=\"\" class=\"wp-image-335\" srcset=\"https:\/\/reiderstadinvest.com\/area\/wp-content\/uploads\/2023\/12\/3D473679-485A-4E33-9E8E-F6F8016D17B1-edited-scaled.jpg 2048w, https:\/\/reiderstadinvest.com\/area\/wp-content\/uploads\/2023\/12\/3D473679-485A-4E33-9E8E-F6F8016D17B1-edited-300x169.jpg 300w, https:\/\/reiderstadinvest.com\/area\/wp-content\/uploads\/2023\/12\/3D473679-485A-4E33-9E8E-F6F8016D17B1-edited-1024x576.jpg 1024w, https:\/\/reiderstadinvest.com\/area\/wp-content\/uploads\/2023\/12\/3D473679-485A-4E33-9E8E-F6F8016D17B1-edited-768x432.jpg 768w, https:\/\/reiderstadinvest.com\/area\/wp-content\/uploads\/2023\/12\/3D473679-485A-4E33-9E8E-F6F8016D17B1-edited-1536x864.jpg 1536w\" sizes=\"(max-width: 2048px) 100vw, 2048px\" \/><\/figure>\n<\/figure>\n\n\n\n<div style=\"height:20px\" aria-hidden=\"true\" class=\"wp-block-spacer\"><\/div>\n\n\n\n<p class=\"has-medium-font-size\"><strong>Palma<\/strong><\/p>\n\n\n\n<p>Angefangen mit <strong>Palma<\/strong>, der pulsierenden <strong>Hauptstadt<\/strong> der Insel, die eine Mischung aus Geschichte und Moderne bietet. Die beeindruckende gotische <strong>Kathedrale La Seu <\/strong>und die historische Altstadt zeugen von einem reichen kulturellen Erbe, w\u00e4hrend schicke <strong>Restaurants,<\/strong> endlose <strong>Einkaufsm\u00f6glichkeiten<\/strong> und ein lebhaftes <strong>Nachtleben<\/strong> f\u00fcr ein <strong>modernes Flair <\/strong>sorgen. In Palma herrscht das <strong>ganze Jahr <\/strong>\u00fcber reges <strong>Treiben,<\/strong> und auch wenn es im <strong>Winter<\/strong> etwas <strong>ruhiger <\/strong>wird, gibt es immer noch viel zu entdecken und zu unternehmen.<\/p>\n\n\n\n<div style=\"height:8px\" aria-hidden=\"true\" class=\"wp-block-spacer\"><\/div>\n\n\n\n<p class=\"has-medium-font-size\"><strong>S\u00fcdwesten Mallorcas <\/strong><\/p>\n\n\n\n<p>Im <strong>S\u00fcdwesten<\/strong> der Insel finden Sie Orte wie <strong>Cala Mayor, Illetas und Portals Nous.<\/strong> Alle diese Regionen liegen direkt am Meer, aber mit einem eher urbanen Touch und doch nahe an Palma. <strong>Illetas<\/strong> bezaubert mit seinen sch\u00f6nen Str\u00e4nden, w\u00e4hrend <strong>Portals Nous<\/strong> durch eine exklusivere Atmosph\u00e4re mit seinem eleganten Hafen mit vielen luxuri\u00f6sen Boutiquen und Restaurants besticht. <strong>Costa d&#8217;en Blanes<\/strong> und <strong>Bendinat<\/strong> sind dagegen ideal f\u00fcr Familien mit renommierten Schulen in der N\u00e4he und einer eher ruhigen Atmosph\u00e4re. F\u00fcr Partyliebhaber sind die Viertel <strong>Palmanova<\/strong> und <strong>Magaluf <\/strong>mit ihrem pulsierenden und lebhaften Nachtleben genau das Richtige. <strong>Santa Ponsa<\/strong> ist fantastisch f\u00fcr Golfbegeisterte und <strong>Port Andratx<\/strong> bietet ein ruhiges, luxuri\u00f6ses Ambiente. Wie Sie sehen, gibt es im <strong>S\u00fcdwesten<\/strong> der Insel f\u00fcr jeden etwas.<\/p>\n\n\n\n<figure class=\"wp-block-image size-large wider-image\"><img decoding=\"async\" width=\"2048\" height=\"1152\" src=\"https:\/\/reiderstadinvest.com\/area\/wp-content\/uploads\/2023\/12\/Tezza-4575-edited-scaled.jpg\" alt=\"\" class=\"wp-image-346\" srcset=\"https:\/\/reiderstadinvest.com\/area\/wp-content\/uploads\/2023\/12\/Tezza-4575-edited-scaled.jpg 2048w, https:\/\/reiderstadinvest.com\/area\/wp-content\/uploads\/2023\/12\/Tezza-4575-edited-300x169.jpg 300w, https:\/\/reiderstadinvest.com\/area\/wp-content\/uploads\/2023\/12\/Tezza-4575-edited-1024x576.jpg 1024w, https:\/\/reiderstadinvest.com\/area\/wp-content\/uploads\/2023\/12\/Tezza-4575-edited-768x432.jpg 768w, https:\/\/reiderstadinvest.com\/area\/wp-content\/uploads\/2023\/12\/Tezza-4575-edited-1536x864.jpg 1536w\" sizes=\"(max-width: 2048px) 100vw, 2048px\" \/><\/figure>\n\n\n\n<div style=\"height:20px\" aria-hidden=\"true\" class=\"wp-block-spacer\"><\/div>\n\n\n\n<p class=\"has-medium-font-size\"><strong>Nordwesten Mallorcas<\/strong><\/p>\n\n\n\n<p>Im <strong>Nordwesten Mallorcas<\/strong> liegt die Serra de Tramuntana, ein <strong>UNESCO-Weltkulturerbe<\/strong>. Diese Gebirgsregion bietet atemberaubende Landschaften und charmante D\u00f6rfer wie <strong>Valldemossa und Dei\u00e0<\/strong>. Wenn Sie die kurvenreichen Stra\u00dfen ins Tramuntana-Gebirge hinauffahren und dann in den Ortschaften Valdemossa und Deia ankommen, werden Sie sich wie in einem ganz anderen Mallorca f\u00fchlen. Beide D\u00f6rfer sind die Heimat vieler Ber\u00fchmtheiten wie des Schauspielers Michael Douglas oder des ber\u00fchmten Schriftstellers Robert Graves. Der <strong>Nordwesten<\/strong> ist ideal f\u00fcr jede Art von Outdoor-Aktivit\u00e4ten und beeindruckt mit einer endlosen Auswahl an Wanderungen und ist auch bei Radfahrern sehr beliebt.<\/p>\n\n\n\n<p class=\"has-medium-font-size\"><strong>Westen Mallorcas<\/strong><\/p>\n\n\n\n<p>An der <strong>Westk\u00fcste <\/strong>Mallorcas in den beliebten Gegenden von <strong>Port de Soller<\/strong> und<strong> Soller<\/strong> k\u00f6nnen Sie beides genie\u00dfen &#8211; atemberaubende Meerblicke und unglaubliche Bergpanoramen kombiniert mit dem noch vorhandenen traditionellen mallorquinischen Charme.<\/p>\n\n\n\n<figure class=\"wp-block-image size-large is-resized wider-image\"><img decoding=\"async\" width=\"1024\" height=\"576\" src=\"https:\/\/reiderstadinvest.com\/area\/wp-content\/uploads\/2023\/12\/Tezza-7689-1024x576.jpg\" alt=\"\" class=\"wp-image-347\" style=\"width:840px;height:auto\" srcset=\"https:\/\/reiderstadinvest.com\/area\/wp-content\/uploads\/2023\/12\/Tezza-7689-1024x576.jpg 1024w, https:\/\/reiderstadinvest.com\/area\/wp-content\/uploads\/2023\/12\/Tezza-7689-300x169.jpg 300w, https:\/\/reiderstadinvest.com\/area\/wp-content\/uploads\/2023\/12\/Tezza-7689-768x432.jpg 768w, https:\/\/reiderstadinvest.com\/area\/wp-content\/uploads\/2023\/12\/Tezza-7689-1536x865.jpg 1536w, https:\/\/reiderstadinvest.com\/area\/wp-content\/uploads\/2023\/12\/Tezza-7689-scaled.jpg 2048w\" sizes=\"(max-width: 1024px) 100vw, 1024px\" \/><\/figure>\n\n\n\n<div style=\"height:20px\" aria-hidden=\"true\" class=\"wp-block-spacer\"><\/div>\n\n\n\n<p class=\"has-medium-font-size\"><strong>Norden Mallorcas<\/strong><\/p>\n\n\n\n<p>Weiter geht es in den<strong> Norden<\/strong> Mallorcas, wo die Stadt<strong> Pollensa<\/strong> mit ihrem Charme, ihren alten Stra\u00dfen und ihrer reichen Geschichte besticht. Nur eine kurze Autofahrt entfernt befindet sich der <strong>Hafen von Pollensa,<\/strong> eine der gr\u00f6\u00dften Buchten an der Nordk\u00fcste Mallorcas. Wenn Sie den Norden der Insel erkunden, sollten Sie sich die Gelegenheit nicht entgehen lassen, zum <strong>Cap de Formentor <\/strong>hinaufzufahren, eine der Hauptattraktionen der Insel und der perfekte Ort, um faszinierende Sonnenunterg\u00e4nge zu beobachten. Nicht zu vergessen der <strong>Badeort Alcudia<\/strong>, bekannt f\u00fcr die <strong>Playa de Muro,<\/strong> den gr\u00f6\u00dften Sandstrand Mallorcas, der besonders bei Touristen und Familien beliebt ist.<\/p>\n\n\n\n<div style=\"height:8px\" aria-hidden=\"true\" class=\"wp-block-spacer\"><\/div>\n\n\n\n<p class=\"has-medium-font-size\"><strong>Nordosten Mallorcas<\/strong><\/p>\n\n\n\n<p>Der <strong>Nordosten<\/strong> bietet ein ruhigeres und authentischeres Ambiente mit charmanten St\u00e4dten wie <strong>Arta<\/strong> und <strong>Capdepera <\/strong>sowie atemberaubende Naturlandschaften und einen langsameren Lebensstil.<br>Die Ostk\u00fcste Mallorcas ist vor allem f\u00fcr ihre sch\u00f6nen Str\u00e4nde und abgelegenen Buchten bekannt, die Sonnenhungrige und Wassersportler anziehen. Hier befinden sich einige der faszinierendsten Buchten Mallorcas wie <strong>Cala Romantica<\/strong> oder <strong>Cala Mendia<\/strong>, die mit ihrem kristallklaren Wasser und verschiedenen Blaut\u00f6nen bezaubern. <strong>Cala d&#8217;Or<\/strong> und <strong>Cala Millor <\/strong>geh\u00f6ren zu den beliebten Ferienorten in dieser Region &#8211; lebhaft in den Sommermonaten und ruhig im Winter.<\/p>\n\n\n\n<figure class=\"wp-block-image size-large wider-image\"><img decoding=\"async\" width=\"2048\" height=\"1152\" src=\"https:\/\/reiderstadinvest.com\/area\/wp-content\/uploads\/2023\/12\/Drone_21-edited-scaled.jpg\" alt=\"\" class=\"wp-image-337\" srcset=\"https:\/\/reiderstadinvest.com\/area\/wp-content\/uploads\/2023\/12\/Drone_21-edited-scaled.jpg 2048w, https:\/\/reiderstadinvest.com\/area\/wp-content\/uploads\/2023\/12\/Drone_21-edited-300x169.jpg 300w, https:\/\/reiderstadinvest.com\/area\/wp-content\/uploads\/2023\/12\/Drone_21-edited-1024x576.jpg 1024w, https:\/\/reiderstadinvest.com\/area\/wp-content\/uploads\/2023\/12\/Drone_21-edited-768x432.jpg 768w, https:\/\/reiderstadinvest.com\/area\/wp-content\/uploads\/2023\/12\/Drone_21-edited-1536x864.jpg 1536w\" sizes=\"(max-width: 2048px) 100vw, 2048px\" \/><\/figure>\n\n\n\n<div style=\"height:20px\" aria-hidden=\"true\" class=\"wp-block-spacer\"><\/div>\n\n\n\n<h2 class=\"wp-block-heading has-medium-font-size\"><strong>S\u00fcdosten Mallorcas<\/strong><\/h2>\n\n\n\n<p>Wenn wir an den <strong>S\u00fcdosten<\/strong> Mallorcas denken, kommt uns vor allem eines in den Sinn: die Str\u00e4nde. Angefangen mit dem ber\u00fchmtesten,<strong> Es Trenc<\/strong>, der f\u00fcr seinen langen Sandstrand und sein kristallklares Wasser bekannt ist, gefolgt von ber\u00fchmten Buchten wie <strong>Calo des Moro<\/strong> und <strong>Cala Almunia<\/strong>, die in den Sommermonaten so belebt sind, dass wir empfehlen, sie stattdessen im Fr\u00fchjahr oder Herbst zu besuchen. Diese Region ist auch f\u00fcr ihre ruhigen Orte wie <strong>Felantix,<\/strong> <strong>Santanyi<\/strong> oder <strong>Campos<\/strong> mit l\u00e4ndlicher Umgebung und authentischem Lebensstil beliebt.<\/p>\n\n\n\n<div style=\"height:8px\" aria-hidden=\"true\" class=\"wp-block-spacer\"><\/div>\n\n\n\n<p class=\"has-medium-font-size\"><strong>Zentral Mallorca<\/strong><\/p>\n\n\n\n<p>Die <strong>zentrale Region<\/strong> der Insel um die D\u00f6rfer <strong>Montuiri,<\/strong> <strong>Algaida<\/strong> und <strong>Sineu<\/strong> zeigt eine rustikalere und traditionellere Seite Mallorcas, mit l\u00e4ndlichen Gebieten, gem\u00fctlichen D\u00f6rfern und lokalen M\u00e4rkten, die ein authentisches Erlebnis bieten.<\/p>\n\n\n\n<p><br>Ganz gleich, welche atemberaubende Region Mallorcas Ihr Herz erobert, unser Team von <strong>Reiderstad Invest<\/strong>, Ihrer vertrauensw\u00fcrdigen <a class=\"wpil_keyword_link\" href=\"https:\/\/reiderstadinvest.com\/area\/de\/die-besten-immobilienunternehmen-auf-mallorca\/\"   title=\"Die 11 besten Immobilienunternehmen auf Mallorca\" data-wpil-keyword-link=\"linked\"  data-wpil-monitor-id=\"96\">Immobilienagentur auf Mallorca<\/a>, kennt die Insel und all ihre versteckten Sch\u00e4tze wie kein anderes und steht Ihnen gerne mit individuellen Empfehlungen und Expertenrat zur Seite, damit Ihr Aufenthalt auf der Insel unvergesslich wird.<\/p>\n\n\n\n<figure class=\"wp-block-image size-large wider-image\"><img decoding=\"async\" width=\"1400\" height=\"788\" src=\"https:\/\/reiderstadinvest.com\/area\/wp-content\/uploads\/2023\/12\/CAMINO-DE-CAMPO-4-edited.jpg\" alt=\"\" class=\"wp-image-341\" srcset=\"https:\/\/reiderstadinvest.com\/area\/wp-content\/uploads\/2023\/12\/CAMINO-DE-CAMPO-4-edited.jpg 1400w, https:\/\/reiderstadinvest.com\/area\/wp-content\/uploads\/2023\/12\/CAMINO-DE-CAMPO-4-edited-300x169.jpg 300w, https:\/\/reiderstadinvest.com\/area\/wp-content\/uploads\/2023\/12\/CAMINO-DE-CAMPO-4-edited-1024x576.jpg 1024w, https:\/\/reiderstadinvest.com\/area\/wp-content\/uploads\/2023\/12\/CAMINO-DE-CAMPO-4-edited-768x432.jpg 768w\" sizes=\"(max-width: 1400px) 100vw, 1400px\" \/><\/figure>\n<style>\r\n.lwrp.link-whisper-related-posts{\r\n            \r\n            margin-top: 40px;\nmargin-bottom: 30px;\r\n        }\r\n        .lwrp .lwrp-title{\r\n            \r\n            font-size: 16px;\r\n        }.lwrp .lwrp-description{\r\n            \r\n            font-size: 12px;\r\n\r\n        }\r\n        .lwrp .lwrp-list-container{\r\n        }\r\n        .lwrp .lwrp-list-multi-container{\r\n            display: flex;\r\n        }\r\n        .lwrp .lwrp-list-double{\r\n            width: 48%;\r\n        }\r\n        .lwrp .lwrp-list-triple{\r\n            width: 32%;\r\n        }\r\n        .lwrp .lwrp-list-row-container{\r\n            display: flex;\r\n            justify-content: space-between;\r\n        }\r\n        .lwrp .lwrp-list-row-container .lwrp-list-item{\r\n            width: calc(33% - 20px);\r\n        }\r\n        .lwrp .lwrp-list-item:not(.lwrp-no-posts-message-item){\r\n            \r\n            margin-bottom: 12px;max-width: 150px;\r\n        }\r\n        .lwrp .lwrp-list-item img{\r\n            max-width: 100%;\r\n            height: auto;\r\n            object-fit: cover;\r\n            aspect-ratio: 1 \/ 1;\r\n        }\r\n        .lwrp .lwrp-list-item.lwrp-empty-list-item{\r\n            background: initial !important;\r\n        }\r\n        .lwrp .lwrp-list-item .lwrp-list-link .lwrp-list-link-title-text,\r\n        .lwrp .lwrp-list-item .lwrp-list-no-posts-message{\r\n            \r\n            font-size: 16px;\r\n            \r\n            \r\n        }@media screen and (max-width: 480px) {\r\n            .lwrp.link-whisper-related-posts{\r\n                \r\n                \r\n            }\r\n            .lwrp .lwrp-title{\r\n                \r\n                \r\n            }.lwrp .lwrp-description{\r\n                \r\n                \r\n            }\r\n            .lwrp .lwrp-list-multi-container{\r\n                flex-direction: column;\r\n            }\r\n            .lwrp .lwrp-list-multi-container ul.lwrp-list{\r\n                margin-top: 0px;\r\n                margin-bottom: 0px;\r\n                padding-top: 0px;\r\n                padding-bottom: 0px;\r\n            }\r\n            .lwrp .lwrp-list-double,\r\n            .lwrp .lwrp-list-triple{\r\n                width: 100%;\r\n            }\r\n            .lwrp .lwrp-list-row-container{\r\n                justify-content: initial;\r\n                flex-direction: column;\r\n            }\r\n            .lwrp .lwrp-list-row-container .lwrp-list-item{\r\n                width: 100%;\r\n            }\r\n            .lwrp .lwrp-list-item:not(.lwrp-no-posts-message-item){\r\n                \r\n                max-width: initial;\r\n            }\r\n            .lwrp .lwrp-list-item .lwrp-list-link .lwrp-list-link-title-text,\r\n            .lwrp .lwrp-list-item .lwrp-list-no-posts-message{\r\n                \r\n                \r\n                \r\n                \r\n            };\r\n        }<\/style>\r\n<div id=\"link-whisper-related-posts-widget\" class=\"link-whisper-related-posts lwrp\">\r\n            <h3 class=\"lwrp-title\">You might also like<\/h3>    \r\n        <div class=\"lwrp-list-container\">\r\n                                <div class=\"lwrp-list lwrp-list-row-container lwrp-list-single-row\">\r\n                <div class=\"lwrp-list-item\"><a href=\"https:\/\/reiderstadinvest.com\/area\/de\/der-kaufprozess-auf-mallorca\/\" class=\"lwrp-list-link\"><img width=\"464\" height=\"480\" src=\"https:\/\/reiderstadinvest.com\/area\/wp-content\/uploads\/2024\/05\/Tezza-2126-1-scaled-e1716904185139.jpg\" class=\"attachment-480x480 size-480x480 wp-post-image\" alt=\"\" srcset=\"https:\/\/reiderstadinvest.com\/area\/wp-content\/uploads\/2024\/05\/Tezza-2126-1-scaled-e1716904185139.jpg 1979w, https:\/\/reiderstadinvest.com\/area\/wp-content\/uploads\/2024\/05\/Tezza-2126-1-scaled-e1716904185139-290x300.jpg 290w, https:\/\/reiderstadinvest.com\/area\/wp-content\/uploads\/2024\/05\/Tezza-2126-1-scaled-e1716904185139-990x1024.jpg 990w, https:\/\/reiderstadinvest.com\/area\/wp-content\/uploads\/2024\/05\/Tezza-2126-1-scaled-e1716904185139-768x795.jpg 768w, https:\/\/reiderstadinvest.com\/area\/wp-content\/uploads\/2024\/05\/Tezza-2126-1-scaled-e1716904185139-1484x1536.jpg 1484w\" sizes=\"(max-width: 464px) 100vw, 464px\" \/><br><span class=\"lwrp-list-link-title-text\">Der Kaufprozess auf Mallorca<\/span><\/a><\/div><div class=\"lwrp-list-item\"><a href=\"https:\/\/reiderstadinvest.com\/area\/de\/der-ultimative-leitfaden-fuer-den-kauf-einer-immobilie-in-mallorca\/\" class=\"lwrp-list-link\"><img width=\"480\" height=\"320\" src=\"https:\/\/reiderstadinvest.com\/area\/wp-content\/uploads\/2024\/04\/REI1093-Luxury-villa-in-Son-Vida-with-seaview-and-pool-04-1.webp\" class=\"attachment-480x480 size-480x480 wp-post-image\" alt=\"The 4 Steps to Buying Property in Mallorca\" srcset=\"https:\/\/reiderstadinvest.com\/area\/wp-content\/uploads\/2024\/04\/REI1093-Luxury-villa-in-Son-Vida-with-seaview-and-pool-04-1.webp 1280w, https:\/\/reiderstadinvest.com\/area\/wp-content\/uploads\/2024\/04\/REI1093-Luxury-villa-in-Son-Vida-with-seaview-and-pool-04-1-768x512.webp 768w\" sizes=\"(max-width: 480px) 100vw, 480px\" \/><br><span class=\"lwrp-list-link-title-text\">Der ultimative Leitfaden f\u00fcr den Kauf einer Immobilie in Mallorca<\/span><\/a><\/div><div class=\"lwrp-list-item\"><a href=\"https:\/\/reiderstadinvest.com\/area\/de\/welcome-to-crans-montana\/\" class=\"lwrp-list-link\"><img width=\"480\" height=\"360\" src=\"https:\/\/reiderstadinvest.com\/area\/wp-content\/uploads\/2023\/10\/Crans-Montana-5-scaled.jpg\" class=\"attachment-480x480 size-480x480 wp-post-image\" alt=\"\" srcset=\"https:\/\/reiderstadinvest.com\/area\/wp-content\/uploads\/2023\/10\/Crans-Montana-5-scaled.jpg 2048w, https:\/\/reiderstadinvest.com\/area\/wp-content\/uploads\/2023\/10\/Crans-Montana-5-300x225.jpg 300w, https:\/\/reiderstadinvest.com\/area\/wp-content\/uploads\/2023\/10\/Crans-Montana-5-1024x768.jpg 1024w, https:\/\/reiderstadinvest.com\/area\/wp-content\/uploads\/2023\/10\/Crans-Montana-5-768x576.jpg 768w, https:\/\/reiderstadinvest.com\/area\/wp-content\/uploads\/2023\/10\/Crans-Montana-5-1536x1152.jpg 1536w\" sizes=\"(max-width: 480px) 100vw, 480px\" \/><br><span class=\"lwrp-list-link-title-text\">Willkommen in Crans-Montana<\/span><\/a><\/div>                <\/div>\r\n                <\/div>\r\n<\/div>","protected":false},"excerpt":{"rendered":"<p>Mallorca, die gr\u00f6\u00dfte der spanischen Baleareninseln mit \u00fcber 300 Sonnentage im Jahr, ist vielf\u00e4ltiger, als Sie vielleicht denken. Aufgeteilt in verschiedene Regionen, jede mit ihrem eigenen Charakter und ihren eigenen Attraktionen, \u00fcberrascht die Insel immer wieder aufs Neue. Lassen Sie uns gemeinsam die verschiedenen Ecken Mallorcas entdecken! Palma Angefangen mit Palma, der pulsierenden Hauptstadt der [&hellip;]<\/p>\n","protected":false},"author":2,"featured_media":407,"comment_status":"open","ping_status":"open","sticky":false,"template":"","format":"standard","meta":{"_acf_changed":false,"iawp_total_views":13,"footnotes":""},"categories":[46],"tags":[],"class_list":["post-398","post","type-post","status-publish","format-standard","has-post-thumbnail","hentry","category-mallorca"],"acf":[],"lang":"de","translations":{"de":398,"se":393,"en":324,"es":395},"pll_sync_post":[],"_links":{"self":[{"href":"https:\/\/reiderstadinvest.com\/area\/wp-json\/wp\/v2\/posts\/398","targetHints":{"allow":["GET"]}}],"collection":[{"href":"https:\/\/reiderstadinvest.com\/area\/wp-json\/wp\/v2\/posts"}],"about":[{"href":"https:\/\/reiderstadinvest.com\/area\/wp-json\/wp\/v2\/types\/post"}],"author":[{"embeddable":true,"href":"https:\/\/reiderstadinvest.com\/area\/wp-json\/wp\/v2\/users\/2"}],"replies":[{"embeddable":true,"href":"https:\/\/reiderstadinvest.com\/area\/wp-json\/wp\/v2\/comments?post=398"}],"version-history":[{"count":16,"href":"https:\/\/reiderstadinvest.com\/area\/wp-json\/wp\/v2\/posts\/398\/revisions"}],"predecessor-version":[{"id":1624,"href":"https:\/\/reiderstadinvest.com\/area\/wp-json\/wp\/v2\/posts\/398\/revisions\/1624"}],"wp:featuredmedia":[{"embeddable":true,"href":"https:\/\/reiderstadinvest.com\/area\/wp-json\/wp\/v2\/media\/407"}],"wp:attachment":[{"href":"https:\/\/reiderstadinvest.com\/area\/wp-json\/wp\/v2\/media?parent=398"}],"wp:term":[{"taxonomy":"category","embeddable":true,"href":"https:\/\/reiderstadinvest.com\/area\/wp-json\/wp\/v2\/categories?post=398"},{"taxonomy":"post_tag","embeddable":true,"href":"https:\/\/reiderstadinvest.com\/area\/wp-json\/wp\/v2\/tags?post=398"}],"curies":[{"name":"wp","href":"https:\/\/api.w.org\/{rel}","templated":true}]}}