{"id":1460,"date":"2025-05-12T15:53:31","date_gmt":"2025-05-12T15:53:31","guid":{"rendered":"https:\/\/reiderstadinvest.com\/area\/?p=1460"},"modified":"2025-06-06T15:14:00","modified_gmt":"2025-06-06T15:14:00","slug":"hyreslagar-mallorca","status":"publish","type":"post","link":"https:\/\/reiderstadinvest.com\/area\/se\/hyreslagar-mallorca\/","title":{"rendered":"Hyreslagar p\u00e5 Mallorca: Hur du hyr ut din fastighet lagligt 2025"},"content":{"rendered":"<p>P\u00e5 Mallorca <b>kr\u00e4vs en s\u00e4rskild licens<\/b> f\u00f6r korttidsuthyrning, men nya licenser utf\u00e4rdas inte l\u00e4ngre. Du kan fortfarande k\u00f6pa fastigheter som redan har en licens. L\u00e5ngtidsuthyrning (\u00f6ver 30 dagar) kr\u00e4ver ingen licens, men m\u00e5ste f\u00f6lja hyreslagstiftningen. Att hyra ut utan r\u00e4tt licens kan leda till b\u00f6ter p\u00e5 <b>20 000 euro eller mer<\/b>, s\u00e5 det \u00e4r viktigt att k\u00e4nna till reglerna innan du best\u00e4mmer dig f\u00f6r att hyra ut.<\/p>\n<p>Nyfiken p\u00e5 detaljerna? Dyk in i det viktigaste nedan eller <a href=\"https:\/\/reiderstadinvest.com\/contact\/?lang=sv\">kontakta en expert idag \u21d2<\/a><\/p>\n<figure id=\"attachment_1028\" aria-describedby=\"caption-attachment-1028\" style=\"width: 1280px\" class=\"wp-caption aligncenter\"><a href=\"https:\/\/reiderstadinvest.com\/contact\/?lang=sv\"><img decoding=\"async\" class=\"size-full wp-image-1028\" src=\"https:\/\/reiderstadinvest.com\/area\/wp-content\/uploads\/2025\/03\/Banner-1-SW.webp\" alt=\"\" width=\"1280\" height=\"420\" srcset=\"https:\/\/reiderstadinvest.com\/area\/wp-content\/uploads\/2025\/03\/Banner-1-SW.webp 1280w, https:\/\/reiderstadinvest.com\/area\/wp-content\/uploads\/2025\/03\/Banner-1-SW-768x252.webp 768w\" sizes=\"(max-width: 1280px) 100vw, 1280px\" \/><\/a><figcaption id=\"caption-attachment-1028\" class=\"wp-caption-text\">Live the lifestyle in Mallorca<\/figcaption><\/figure>\n<p>Mallorca \u00e4r fortfarande en av de mest attraktiva destinationerna i Medelhavet f\u00f6r <a href=\"https:\/\/reiderstadinvest.com\/?lang=sv\">fastighetsinvesteringar<\/a> och semesteruthyrning. Med sin starka efterfr\u00e5gan p\u00e5 turism, \u00e5ret runt-attraktionskraft och h\u00f6ga hyresint\u00e4kter kan det vara mycket l\u00f6nsamt att \u00e4ga en fastighet h\u00e4r, s\u00e4rskilt f\u00f6r dem som vill generera inkomster genom korttids- eller s\u00e4songsuthyrning.<\/p>\n<p>Hyreslagstiftningen p\u00e5 Mallorca har dock blivit mer reglerad under de senaste \u00e5ren. Nya regler, s\u00e5som Balearernas turistlag, har f\u00f6r\u00e4ndrat vad som \u00e4r till\u00e5tet n\u00e4r det g\u00e4ller b\u00e5de l\u00e5ngtids- och semesteruthyrning. Fastighets\u00e4gare m\u00e5ste nu navigera i ett tydligt r\u00e4ttsligt ramverk, inklusive zonbegr\u00e4nsningar och licenskrav.<\/p>\n<p>Denna guide g\u00e5r igenom de viktigaste hyreslagarna p\u00e5 Mallorca, s\u00e5 att du kan <a href=\"https:\/\/reiderstadinvest.com\/area\/?lang=sv\">investera med trygghet<\/a> och f\u00f6lja reglerna.<\/p>\n<h2>Viktiga hyreslagar p\u00e5 Mallorca, f\u00f6renklat<\/h2>\n<p>Att hyra fastigheter p\u00e5 Mallorca omfattas av tydliga hyreslagar. Dessa lagar syftar till att skydda b\u00e5de hyresg\u00e4ster och hyresv\u00e4rdar. Fastighets\u00e4gare som vill erbjuda <b>semesteruthyrning<\/b> m\u00e5ste ha en giltig ETV-licens. De m\u00e5ste ocks\u00e5 f\u00f6lja zonindelningsreglerna f\u00f6r att s\u00e4kerst\u00e4lla att deras fastigheter \u00e4r s\u00e4kra.<\/p>\n<p><b>L\u00e5ngtidsuthyrning<\/b> har enklare lagar och kan medf\u00f6ra vissa skattef\u00f6rdelar.<\/p>\n<h2>L\u00e5ngtidsuthyrning vs. semesteruthyrning p\u00e5 Mallorca: Vad \u00e4r skillnaden?<\/h2>\n<p><img decoding=\"async\" class=\"size-full wp-image-1452 aligncenter\" src=\"https:\/\/reiderstadinvest.com\/area\/wp-content\/uploads\/2025\/05\/Long-term-rental-in-Son-Espanyolet-Palma.webp\" alt=\"Long term rental in Son Espanyolet, Palma\" width=\"1280\" height=\"720\" srcset=\"https:\/\/reiderstadinvest.com\/area\/wp-content\/uploads\/2025\/05\/Long-term-rental-in-Son-Espanyolet-Palma.webp 1280w, https:\/\/reiderstadinvest.com\/area\/wp-content\/uploads\/2025\/05\/Long-term-rental-in-Son-Espanyolet-Palma-768x432.webp 768w\" sizes=\"(max-width: 1280px) 100vw, 1280px\" \/><\/p>\n<p><a href=\"https:\/\/reiderstadinvest.com\/villa\/rent-rei1114\/Palma-Son-Espanyolet\/719\/?lang=sv\">Kika in i denna hyresbostad i det eftertraktade omr\u00e5det Son Espanyolet \u21d2<\/a><\/p>\n<p>Om du funderar p\u00e5 att hyra ut din fastighet p\u00e5 Mallorca \u00e4r det f\u00f6rsta du beh\u00f6ver veta att <b>inte alla uthyrningar f\u00f6ljer samma regler<\/b>. Det finns tv\u00e5 huvudtyper \u2013 och de behandlas mycket olika enligt lokal lagstiftning.<\/p>\n<h3>L\u00e5ngtidsuthyrning (\u00f6ver 30 dagar)<\/h3>\n<p>L\u00e5ngtidsuthyrning \u00e4r f\u00f6r personer som bor i fastigheten som sin huvudsakliga bostad. Dessa regleras av Spaniens <b>lag om urban hyresr\u00e4tt (LAU)<\/b>. H\u00e4r \u00e4r vad det inneb\u00e4r f\u00f6r dig:<\/p>\n<ul>\n<li>Du m\u00e5ste tillhandah\u00e5lla ett <b>skriftligt hyreskontrakt<\/b><\/li>\n<li>En <b>deposition<\/b> kr\u00e4vs<\/li>\n<li>Fastigheten m\u00e5ste h\u00e5llas i <b>gott, beboeligt skick<\/b><\/li>\n<li>Du <b>beh\u00f6ver ingen s\u00e4rskild licens<\/b><\/li>\n<\/ul>\n<p>Det h\u00e4r alternativet \u00e4r enklare, med f\u00e4rre restriktioner, och m\u00e5nga \u00e4gare f\u00f6redrar det f\u00f6r att f\u00e5 en stabil inkomst och mindre pappersarbete. Det \u00e4r ocks\u00e5 ett bra val om du riktar dig till fastboende eller letar efter en l\u00e5ngsiktig investering.<\/p>\n<h3>Semesteruthyrning (korttidsboende)<\/h3>\n<p>Det h\u00e4r \u00e4r kortare vistelser f\u00f6r turister \u2013 vanligtvis mindre \u00e4n 30 dagar \u2013 och de omfattas av <b>str\u00e4ngare regler<\/b>.<\/p>\n<ul>\n<li>Du beh\u00f6ver en <b>ETV-licens<\/b> f\u00f6r att hyra ut lagligt<\/li>\n<li>Fastigheten m\u00e5ste uppfylla s\u00e4kerhets- och kvalitetsstandarder<\/li>\n<li>Den m\u00e5ste vara fullt m\u00f6blerad, ha separata bekv\u00e4mligheter och f\u00f6lja <b>zonindelningen<\/b><\/li>\n<\/ul>\n<p>Obs: Balearernas regering har <b>st\u00e4llt in nya semesteruthyrningslicenser<\/b> fram till minst 2026. Det inneb\u00e4r att du endast kan bedriva korttidsuthyrning om din fastighet redan har en giltig licens eller om du <b>k\u00f6per en som har det.<\/b><\/p>\n<p>Beh\u00f6ver du hj\u00e4lp med att investera i korttidsuthyrning? <a href=\"https:\/\/reiderstadinvest.com\/contact\/?lang=sv\">Boka ett m\u00f6te \u21d2<\/a><\/p>\n<p>Dessutom avg\u00f6r <b>zonindelningen<\/b> var korttidsuthyrning \u00e4r till\u00e5ten. I vissa popul\u00e4ra omr\u00e5den \u00e4r uthyrning endast till\u00e5ten 60 dagar om \u00e5ret \u2013 och endast om du bor i fastigheten.<\/p>\n<h2>Vad fastighets\u00e4gare m\u00e5ste f\u00f6lja (b\u00e5da typer av uthyrning)<\/h2>\n<p><img decoding=\"async\" class=\"size-full wp-image-1332 aligncenter\" src=\"https:\/\/reiderstadinvest.com\/area\/wp-content\/uploads\/2025\/05\/Taxes-and-other-property-costs.webp\" alt=\"Taxes and other property costs\" width=\"1200\" height=\"675\" srcset=\"https:\/\/reiderstadinvest.com\/area\/wp-content\/uploads\/2025\/05\/Taxes-and-other-property-costs.webp 1200w, https:\/\/reiderstadinvest.com\/area\/wp-content\/uploads\/2025\/05\/Taxes-and-other-property-costs-768x432.webp 768w\" sizes=\"(max-width: 1200px) 100vw, 1200px\" \/><\/p>\n<p>Oavsett om du hyr ut p\u00e5 l\u00e5ng eller kort sikt finns det n\u00e5gra saker du m\u00e5ste t\u00e4nka p\u00e5:<\/p>\n<p><strong>F\u00f6r semesteruthyrning:<\/strong><\/p>\n<p>Skaffa en giltig <b>ETV-licens<\/b>, kontrollera din zonindelning och se till att din fastighet \u00e4r registrerad p\u00e5 ett lagligt s\u00e4tt.<\/p>\n<p><strong>F\u00f6r l\u00e5ngtidsuthyrning:<\/strong><\/p>\n<p>F\u00f6lj <b>LAU-reglerna<\/b>, uppr\u00e4tta ett r\u00e4ttvist avtal och underh\u00e5ll fastigheten p\u00e5 ett korrekt s\u00e4tt.<\/p>\n<p>Om du inte f\u00f6ljer dessa regler kan det leda till juridiska problem \u2013 och i vissa fall <b>b\u00f6ter p\u00e5 \u00f6ver 20 000 euro<\/b>. Det \u00e4r d\u00e4rf\u00f6r viktigt att veta vilken kategori din fastighet tillh\u00f6r och vad som \u00e4r till\u00e5tet.<\/p>\n<p><em>Tips: Kontrollera alltid med din kommun eller en juridisk r\u00e5dgivare f\u00f6r att s\u00e4kerst\u00e4lla att du f\u00f6ljer reglerna.<\/em><\/p>\n<h2>Skattekonsekvenser f\u00f6r l\u00e5ng- och korttidsuthyrning<\/h2>\n<p>Skattereglerna f\u00f6r uthyrning p\u00e5 Mallorca skiljer sig mycket mellan l\u00e5ngtids- och kortvariga hyresavtal. F\u00f6r l\u00e5ngtidsuthyrningar har fastighets\u00e4gare ett enklare skattesystem. Icke-bosatta hyresv\u00e4rdar m\u00e5ste l\u00e4mna in skattedeklaration med Modelo 210 var tredje m\u00e5nad. Bosatta f\u00e5r dock en stor f\u00f6rdel med <b>60 % skattel\u00e4ttnad p\u00e5 vinsten<\/b>.<\/p>\n<p>\u00c5 andra sidan medf\u00f6r kortvariga semesteruthyrningar mer komplicerade skattef\u00f6rpliktelser. Icke-bosatta kan beh\u00f6va starta ett f\u00f6retag, vilket inneb\u00e4r att de m\u00e5ste f\u00f6lja bolagsskattelagstiftningen. \u00c4gare av semesterbost\u00e4der m\u00e5ste ocks\u00e5 ta ut <b>turistskatt<\/b> fr\u00e5n sina g\u00e4ster och betala denna till skattemyndigheterna.<\/p>\n<p>N\u00e4r man v\u00e4ljer mellan l\u00e5ng- eller korttidsuthyrning m\u00e5ste fastighets\u00e4gare t\u00e4nka p\u00e5 b\u00e5de skattekostnader och hyresint\u00e4kter. Att v\u00e4lja r\u00e4tt uthyrningsalternativ kan hj\u00e4lpa dig att spara pengar och samtidigt se till att du f\u00f6ljer Mallorcas skatteregler.<\/p>\n<h2>Semesteruthyrningslicenser p\u00e5 Mallorca: Vad du beh\u00f6ver veta<\/h2>\n<p><img decoding=\"async\" class=\"size-full wp-image-1451 aligncenter\" src=\"https:\/\/reiderstadinvest.com\/area\/wp-content\/uploads\/2025\/05\/Mallorquin-villa-for-rent-located-in-Cala-Major.webp\" alt=\"Mallorquin villa for rent located in Cala Major\" width=\"1280\" height=\"720\" srcset=\"https:\/\/reiderstadinvest.com\/area\/wp-content\/uploads\/2025\/05\/Mallorquin-villa-for-rent-located-in-Cala-Major.webp 1280w, https:\/\/reiderstadinvest.com\/area\/wp-content\/uploads\/2025\/05\/Mallorquin-villa-for-rent-located-in-Cala-Major-768x432.webp 768w\" sizes=\"(max-width: 1280px) 100vw, 1280px\" \/><\/p>\n<p><a href=\"https:\/\/reiderstadinvest.com\/villa\/rent-rei971\/Cala-Major\/567\/?lang=sv\">Utforska en traditionell mallorkansk villa att hyra i Cala Major, Palma \u21d2<\/a><\/p>\n<p>Om du vill hyra ut din fastighet korttids p\u00e5 Mallorca beh\u00f6ver du en <b>ETV-licens<\/b> \u2013 utan undantag. Detta \u00e4r ett lagkrav f\u00f6r all semesteruthyrning (under 30 dagar), och reglerna har sk\u00e4rpts avsev\u00e4rt under de senaste \u00e5ren.<\/p>\n<h3>Viktiga regler i korthet:<\/h3>\n<ul>\n<li>Ingen licens = ingen korttidsuthyrning: Att hyra ut utan ETV-licens \u00e4r olagligt och b\u00f6terna b\u00f6rjar p\u00e5 5 000 euro och kan uppg\u00e5 till \u00f6ver 50 000 euro.<\/li>\n<li>Licensen g\u00e4ller f\u00f6r fastigheten, inte f\u00f6r \u00e4garen: Den f\u00f6rblir knuten till bostaden. Om du s\u00e4ljer fastigheten kan licensen inte \u00f6verf\u00f6ras till en annan bostad.<\/li>\n<li>En person kan endast inneha licens f\u00f6r upp till tre fastigheter: Detta \u00e4r en del av Mallorcas satsning p\u00e5 att undvika \u00f6verturism och spekulativa investeringar.<\/li>\n<\/ul>\n<h3>Inga nya licenser f\u00f6rr\u00e4n 2026 (\u00e5tminstone)<\/h3>\n<p>Sedan 2022 har Balearernas regering <b>st\u00e4llt in utf\u00e4rdandet av nya ETV-licenser<\/b>. Moratoriet f\u00f6rv\u00e4ntas p\u00e5g\u00e5 till <b>2026 eller l\u00e4ngre<\/b>, beroende p\u00e5 zonindelning och milj\u00f6utredningar.<\/p>\n<p><strong>S\u00e5 vad kan du g\u00f6ra nu?<\/strong><\/p>\n<p>Det enda s\u00e4ttet att bedriva laglig semesteruthyrning \u00e4r att <b>k\u00f6pa en fastighet som redan har en ETV-licens<\/b>. Dessa bost\u00e4der \u00e4r nu mycket efterfr\u00e5gade och har ofta h\u00f6gre priser p\u00e5 grund av sin lagliga uthyrningsstatus.<\/p>\n<p><em>Tips: Kontrollera alltid att licensen \u00e4r aktiv, uppdaterad och st\u00e4mmer \u00f6verens med bostadens g\u00e4stkapacitet innan du k\u00f6per.<\/em><\/p>\n<h3>Typer av ETV-licenser<\/h3>\n<p>Det finns tre typer av ETV-licenser p\u00e5 Mallorca, var och en med sina egna regler:<\/p>\n\n<table id=\"tablepress-6\" class=\"tablepress tablepress-id-6\">\n<thead>\n<tr class=\"row-1\">\n\t<th class=\"column-1\">Licenstyp<\/th><th class=\"column-2\">Boendetyp<\/th><th class=\"column-3\">Hyresbegr\u00e4nsning<\/th><th class=\"column-4\">Giltighet<\/th><th class=\"column-5\">Anteckningar<\/th>\n<\/tr>\n<\/thead>\n<tbody class=\"row-striping row-hover\">\n<tr class=\"row-2\">\n\t<td class=\"column-1\">ETV<\/td><td class=\"column-2\">Enfamiljshus (villor, stugor)<\/td><td class=\"column-3\">Hela \u00e5ret<\/td><td class=\"column-4\">Permanent<\/td><td class=\"column-5\">Mest flexibel; h\u00f6gsta kostnad (3 500 \u20ac per g\u00e4stplats)<\/td>\n<\/tr>\n<tr class=\"row-3\">\n\t<td class=\"column-1\">ETVPL<\/td><td class=\"column-2\">L\u00e4genheter eller radhus i delade byggnader<\/td><td class=\"column-3\">Hela \u00e5ret<\/td><td class=\"column-4\">5 \u00e5r (f\u00f6rnybar)<\/td><td class=\"column-5\">Kr\u00e4ver godk\u00e4nnande fr\u00e5n byggnadssamfundet; 875 \u20ac per g\u00e4stplats<\/td>\n<\/tr>\n<tr class=\"row-4\">\n\t<td class=\"column-1\">ETV60<\/td><td class=\"column-2\">\u00c4garens huvudsakliga bostad (l\u00e4genhet eller hus)<\/td><td class=\"column-3\">Max. 60 dagar\/\u00e5r<br \/>\n(inte juli eller augusti)<\/td><td class=\"column-4\">5 \u00e5r (f\u00f6rnybar)<\/td><td class=\"column-5\">Endast f\u00f6r huvudbostad; 290 \u20ac per g\u00e4stplats<\/td>\n<\/tr>\n<\/tbody>\n<\/table>\n\n<h3>Licenskostnader (f\u00f6re moratoriet 2022)<\/h3>\n<ul>\n<li>ETV: 3 500 \u20ac per g\u00e4stplats (Exempel: 1 sovrum f\u00f6r 2 personer = 7 000 \u20ac)<\/li>\n<li>ETVPL: 875 \u20ac per g\u00e4stplats<\/li>\n<li>ETV60: 290 \u20ac per g\u00e4stplats<\/li>\n<\/ul>\n<p>Dessa priser baseras p\u00e5 antalet g\u00e4stplatser, inte bara antalet sovrum.<\/p>\n<h3>Viktigt att komma ih\u00e5g:<\/h3>\n<ul>\n<li>Korttidsuthyrning (under 1 m\u00e5nad) kr\u00e4ver en ETV-licens. Utan den f\u00e5r du endast hyra ut i 1 m\u00e5nad eller l\u00e4ngre enligt lagen om stadsuthyrning (LAU).<\/li>\n<li>Moratorium f\u00f6r nya licenser: Sedan 2022 har Balearernas regering pausat utf\u00e4rdandet av nya turistlicenser. Detta moratorium kommer sannolikt att g\u00e4lla fram till 2026. Endast bost\u00e4der med befintlig licens kan hyras ut korttidslagligt.<\/li>\n<li>En person kan endast inneha licens f\u00f6r upp till 3 fastigheter.<\/li>\n<li>Ingen licens\u00f6verf\u00f6ring mellan fastigheter: Om du <a href=\"https:\/\/reiderstadinvest.com\/area\/se\/lagar-om-fastighetskop-i-spanien\/\">k\u00f6per en fastighet<\/a> med ETV-licens f\u00f6rblir licensen knuten till den specifika bostaden.<\/li>\n<li>Ingen licens = inga kortare vistelser: Att hyra ut en bostad utan giltig ETV-licens f\u00f6r perioder kortare \u00e4n 30 dagar \u00e4r olagligt och b\u00f6terna b\u00f6rjar p\u00e5 5 000 euro.<\/li>\n<\/ul>\n<p><em>Tips: Fastigheter med befintliga ETV-licenser \u00e4r nu mycket v\u00e4rdefulla p\u00e5 grund av det begr\u00e4nsade utbudet och framtida restriktioner. Om du investerar i en bostad f\u00f6r turist\u00e4ndam\u00e5l \u00e4r det viktigt att kontrollera licensstatus och zonindelning innan du k\u00f6per.<\/em><\/p>\n<h2><strong>Dina juridiska skyldigheter som hyresv\u00e4rd<\/strong><\/h2>\n<p><img decoding=\"async\" class=\"size-full wp-image-1334 aligncenter\" src=\"https:\/\/reiderstadinvest.com\/area\/wp-content\/uploads\/2025\/05\/buy-as-a-compnay-or-individual.webp\" alt=\"buy as a company or individual\" width=\"1200\" height=\"675\" srcset=\"https:\/\/reiderstadinvest.com\/area\/wp-content\/uploads\/2025\/05\/buy-as-a-compnay-or-individual.webp 1200w, https:\/\/reiderstadinvest.com\/area\/wp-content\/uploads\/2025\/05\/buy-as-a-compnay-or-individual-768x432.webp 768w\" sizes=\"(max-width: 1200px) 100vw, 1200px\" \/><\/p>\n<p>Oavsett om du hyr ut p\u00e5 l\u00e5ng eller kort sikt finns det tydliga juridiska skyldigheter som du m\u00e5ste f\u00f6lja p\u00e5 Mallorca. Att inte f\u00f6lja dem kan snabbt bli dyrt.<\/p>\n<h3><strong>L\u00e5ngtidsuthyrning (\u00f6ver 30 dagar)<\/strong><\/h3>\n<p>Om du hyr ut din fastighet p\u00e5 l\u00e5ng sikt g\u00e4ller <b>lagen om stadsuthyrning (LAU)<\/b>. Denna lag skyddar dina hyresg\u00e4ster och fastst\u00e4ller dina skyldigheter som hyresv\u00e4rd:<\/p>\n<ul>\n<li>Du m\u00e5ste tillhandah\u00e5lla ett <b>skriftligt hyresavtal<\/b><\/li>\n<li>Hyresg\u00e4ster har r\u00e4tt att bo kvar i <b>minst 5 \u00e5r<\/b> (eller 7 \u00e5r om du \u00e4r ett f\u00f6retag)<\/li>\n<li>Du kan inte h\u00f6ja hyran fritt \u2013 endast under vissa f\u00f6ruts\u00e4ttningar<\/li>\n<li><b>Depositionen m\u00e5ste \u00e5terbetalas<\/b> om det inte finns n\u00e5gra skador<\/li>\n<\/ul>\n<p>L\u00e5ngtidsuthyrning betraktas som bost\u00e4der, s\u00e5 reglerna \u00e4r str\u00e4ngare till f\u00f6rm\u00e5n f\u00f6r hyresg\u00e4sten.<\/p>\n<p><a href=\"https:\/\/reiderstadinvest.com\/mallorca\/listings\/?lang=sv\">Utforska v\u00e5rt utbud av fastigheter att hyra i exklusiva omr\u00e5den p\u00e5 Mallorca \u21d2<\/a><\/p>\n<h3><strong>Semesteruthyrning (under 30 dagar)<\/strong><\/h3>\n<p>Korttidsuthyrning till turister f\u00f6ljer andra regler. Dessa m\u00e5ste:<\/p>\n<ul>\n<li>Vara <b>fullt m\u00f6blerade och utrustade<\/b><\/li>\n<li>Inkludera tj\u00e4nster som st\u00e4dning och grundl\u00e4ggande bekv\u00e4mligheter<\/li>\n<li>F\u00f6lja <b>turismlagar och ETV-licensregler<\/b><\/li>\n<li>Ligger i ett lagligt <b>till\u00e5tet omr\u00e5de<\/b><\/li>\n<\/ul>\n<p>\u00c4ven vid kortare vistelser har hyresg\u00e4ster r\u00e4tt till en s\u00e4ker och v\u00e4l underh\u00e5llen fastighet. Och ja, de kan l\u00e4mna in klagom\u00e5l om n\u00e5got inte st\u00e4mmer.<\/p>\n<h3><strong>Vad h\u00e4nder om du bryter mot reglerna?<\/strong><\/h3>\n<p>Att hyra ut en fastighet utan r\u00e4tt licens eller i ett begr\u00e4nsat omr\u00e5de medf\u00f6r <a href=\"https:\/\/www.majorcadailybulletin.com\/news\/local\/2025\/05\/05\/133023\/fines-reduction-for-mallorca-illegal-holiday-lets-for-social-renting.html\" target=\"_blank\" rel=\"noopener\">h\u00f6ga b\u00f6ter<\/a>. Balearernas regering har sk\u00e4rpt straffen f\u00f6r att komma \u00e5t olaglig uthyrning.<\/p>\n<h3><strong>Straffniv\u00e5er (uppdatering 2025):<\/strong><\/h3>\n\n<table id=\"tablepress-3\" class=\"tablepress tablepress-id-3\">\n<thead>\n<tr class=\"row-1\">\n\t<th class=\"column-1\">Offence Level<\/th><th class=\"column-2\">Fine Range<\/th><th class=\"column-3\">Examples<\/th>\n<\/tr>\n<\/thead>\n<tbody class=\"row-striping row-hover\">\n<tr class=\"row-2\">\n\t<td class=\"column-1\">Minor Offences<\/td><td class=\"column-2\">Warning up to \u20ac5,000<\/td><td class=\"column-3\">First-time infractions; minor technical issues<\/td>\n<\/tr>\n<tr class=\"row-3\">\n\t<td class=\"column-1\">Serious Offences<\/td><td class=\"column-2\">\u20ac5,001 to \u20ac50,000<\/td><td class=\"column-3\">Renting without a license in an urban zone<\/td>\n<\/tr>\n<tr class=\"row-4\">\n\t<td class=\"column-1\">Very Serious Offences<\/td><td class=\"column-2\">\u20ac50,001 to \u20ac500,000<\/td><td class=\"column-3\">- Repeat illegal rentals<br \/>\n- Renting on protected rural land<br \/>\n- Renting government-regulated housing (e.g., VPO)<\/td>\n<\/tr>\n<\/tbody>\n<\/table>\n<!-- #tablepress-3 from cache -->\n<p><em>Viktigt: Att hyra ut p\u00e5 skyddad landsbygd eller i bost\u00e4der som regleras av staten (VPO) anses vara ett mycket allvarligt brott.<\/em><\/p>\n<h3><strong>Du kan erbjudas en andra chans<\/strong><\/h3>\n<p>Det finns nu en plan f\u00f6r <strong>minskning av b\u00f6ter<\/strong> tillg\u00e4nglig. Om du ertappas f\u00f6r olaglig uthyrning men g\u00e5r med p\u00e5 att sluta och l\u00e5ta din bostad anv\u00e4ndas f\u00f6r <b>social uthyrning eller prisbegr\u00e4nsad uthyrning i 5 \u00e5r<\/b>, kan regeringen minska b\u00f6terna med <a href=\"https:\/\/www.majorcadailybulletin.com\/news\/local\/2025\/05\/05\/133023\/fines-reduction-for-mallorca-illegal-holiday-lets-for-social-renting.html\" target=\"_blank\" rel=\"noopener\"><b>upp till 80 %<\/b><\/a>.<\/p>\n<p>Sammanfattningsvis: f\u00f6lj lagen, k\u00e4nn till dina skyldigheter som hyresv\u00e4rd och kontrollera noga att din fastighet \u00e4r godk\u00e4nd f\u00f6r uthyrning. En laglig uthyrning \u00e4r l\u00f6nsam \u2013 en olaglig kan st\u00e5 dig dyrt.<\/p>\n<h2>Hur du f\u00e5r en uthyrningslicens p\u00e5 Mallorca<\/h2>\n<p><img decoding=\"async\" class=\"size-full wp-image-1454 aligncenter\" src=\"https:\/\/reiderstadinvest.com\/area\/wp-content\/uploads\/2025\/05\/Securing-a-holiday-rental-license-in-Mallorca.webp\" alt=\"Securing a holiday rental license in Mallorca\" width=\"1280\" height=\"720\" srcset=\"https:\/\/reiderstadinvest.com\/area\/wp-content\/uploads\/2025\/05\/Securing-a-holiday-rental-license-in-Mallorca.webp 1280w, https:\/\/reiderstadinvest.com\/area\/wp-content\/uploads\/2025\/05\/Securing-a-holiday-rental-license-in-Mallorca-768x432.webp 768w\" sizes=\"(max-width: 1280px) 100vw, 1280px\" \/><\/p>\n<p>Sedan 2022 har Balearernas regering inf\u00f6rt ett moratorium f\u00f6r nya semesteruthyrningslicenser. Det inneb\u00e4r att du inte l\u00e4ngre kan ans\u00f6ka om en ny ETV-licens f\u00f6rr\u00e4n moratoriet upph\u00e4vs (f\u00f6rv\u00e4ntas tidigast 2026).<\/p>\n<p>S\u00e5 hur kan du fortfarande hyra ut din fastighet lagligt p\u00e5 kort sikt?<\/p>\n<p>Det enda s\u00e4ttet att f\u00e5 en ETV-licens nu \u00e4r att k\u00f6pa en fastighet som redan har en. ETV-licenser \u00e4r knutna till bostaden, inte till \u00e4garen. N\u00e4r du k\u00f6per en licensierad bostad \u00f6verf\u00f6rs licensen tillsammans med fastigheten, s\u00e5 l\u00e4nge reglerna fortfarande f\u00f6ljs.<\/p>\n<p>Vad du b\u00f6r kontrollera innan du k\u00f6per:<\/p>\n<ul>\n<li>Se till att licensen \u00e4r aktiv och registrerad<\/li>\n<li>Bekr\u00e4fta hur m\u00e5nga g\u00e4stplatser den till\u00e5ter (baserat p\u00e5 rum)<\/li>\n<li>Kontrollera om det finns n\u00e5gra zonindelningar eller byggrestriktioner<\/li>\n<li>Kontrollera att fastigheten uppfyller turismlagarna<\/li>\n<li>Om det \u00e4r en delad fastighet (ETVPL eller ETV60), bekr\u00e4fta att det finns godk\u00e4nnande fr\u00e5n grannarna<\/li>\n<\/ul>\n<p>Att k\u00f6pa en fastighet med en befintlig ETV-licens \u00e4r f\u00f6r n\u00e4rvarande det enda lagliga s\u00e4ttet att bedriva korttidsuthyrning p\u00e5 Mallorca. P\u00e5 grund av moratoriet \u00e4r dessa bost\u00e4der nu mycket efterfr\u00e5gade och ofta dyrare.<\/p>\n<p><i>Tips: <\/i><a href=\"https:\/\/reiderstadinvest.com\/?lang=sv\"><i>Anlita en lokal expert<\/i><\/a><i> eller juridisk r\u00e5dgivare f\u00f6r att kontrollera licensen och undvika kostsamma misstag.<\/i><\/p>\n<h3>Hur var processen f\u00f6re moratoriet?<\/h3>\n<p>F\u00f6re frysningen 2022 kunde fastighets\u00e4gare ans\u00f6ka om licens genom att f\u00f6lja dessa steg:<\/p>\n<p>S\u00e4kerst\u00e4ll att fastigheten uppfyller s\u00e4kerhets- och kvalitetsstandarder, inklusive ett giltigt intyg om beboelighet (c\u00e9dula de habitabilidad).<\/p>\n<ol>\n<li>Kontrollera att fastigheten \u00e4r zonindelad med det lokala r\u00e5dhuset (Ayuntamiento).<\/li>\n<li>L\u00e4mna in en DRIAT-deklaration, som officiellt anger avsikten att anv\u00e4nda bostaden f\u00f6r semesteruthyrning.<\/li>\n<li>Ans\u00f6k om ETV-licens hos Baleariska turistr\u00e5det.<\/li>\n<li>Betala den erforderliga avgiften per g\u00e4stplats, baserat p\u00e5 antalet rum och licenstyp.<\/li>\n<\/ol>\n<p>Denna process \u00e4r inte l\u00e4ngre m\u00f6jlig enligt g\u00e4llande lagstiftning, men kan \u00e5terinf\u00f6ras om moratoriet upph\u00e4vs i framtiden.<\/p>\n<h2>Inverkan av hyreslagar p\u00e5 fastighetsv\u00e4rden<\/h2>\n<p>Mallorcas hyreslagar har en direkt inverkan p\u00e5 <b>fastighetsv\u00e4rden och investeringspotential<\/b>. Bost\u00e4der som har en <b>giltig ETV-licens<\/b> \u00e4r s\u00e4rskilt v\u00e4rdefulla, inte bara f\u00f6r att de f\u00f6ljer lagen, utan ocks\u00e5 f\u00f6r att de erbjuder en s\u00e4llsynt laglig v\u00e4g in p\u00e5 marknaden f\u00f6r korttidsuthyrning.<\/p>\n<h3>Varf\u00f6r korttidsuthyrning \u00e4r s\u00e5 efterfr\u00e5gad<\/h3>\n<p>\u00c5r 2023 var Mallorca den mest bes\u00f6kta regionen i EU f\u00f6r internationella turister, f\u00f6re Paris och Venedig. Bara det \u00e5ret tillbringades <a href=\"https:\/\/ec.europa.eu\/eurostat\/statistics-explained\/index.php?title=Tourism_statistics#Nights_spent_by_international_guests_in_the_EU:_Spain_on_top\" target=\"_blank\" rel=\"noopener\">302 miljoner n\u00e4tter<\/a> i turistboenden i Spanien, med <b>Mallorca p\u00e5 f\u00f6rsta plats<\/b>.<\/p>\n<p>P\u00e5 grund av detta<\/p>\n<ul>\n<li>Licensierade semesterbost\u00e4der genererar starka hyresint\u00e4kter \u00e5ret runt<\/li>\n<li>Hus med ETV-licenser s\u00e4ljs ofta f\u00f6r h\u00f6gre priser, eftersom dessa licenser inte l\u00e4ngre utf\u00e4rdas<\/li>\n<li>Dessa fastigheter \u00e4r mycket efterfr\u00e5gade av b\u00e5de investerare och k\u00f6pare av fritidshus<\/li>\n<\/ul>\n<p>Men <b>moratoriet f\u00f6r nya licenser<\/b> fr\u00e5n 2022 och strikta zonbest\u00e4mmelser har begr\u00e4nsat utbudet, vilket g\u00f6r licensierade fastigheter<b> \u00e4nnu mer exklusiva.<\/b><\/p>\n<h3>L\u00e5ngtidsuthyrning: en smart strategi<\/h3>\n<p>F\u00f6r investerare som t\u00e4nker l\u00e5ngsiktigt \u00e4r uthyrning enligt lagen om stadsuthyrning (LAU) ett <b>p\u00e5litligt alternativ<\/b>:<\/p>\n<ul>\n<li>Ingen licens beh\u00f6vs f\u00f6r uthyrning p\u00e5 1 m\u00e5nad eller l\u00e4ngre<\/li>\n<li>Inv\u00e5narna f\u00e5r skatteavdrag p\u00e5 upp till 60 % av den beskattningsbara hyresinkomsten.<\/li>\n<li>Det ger en stabil kassafl\u00f6de och undviker de restriktioner som g\u00e4ller f\u00f6r semesteruthyrning.<\/li>\n<\/ul>\n<p>Kort sagt, oavsett om du \u00e4r inriktad p\u00e5 <b>h\u00f6ginkomstturism<\/b> eller <b>stadig l\u00e5ngsiktig uthyrning<\/b>, kommer en f\u00f6rst\u00e5else f\u00f6r Mallorcas hyreslagar att hj\u00e4lpa dig att fatta smartare beslut och skydda din fastighets v\u00e4rde.<\/p>\n<h2>Navigera i zonindelningen f\u00f6r uthyrning p\u00e5 Mallorca<\/h2>\n<p>Mallorca anv\u00e4nder ett zonindelning f\u00f6r att reglera var semesterbost\u00e4der \u00e4r till\u00e5tna. Dessa regler \u00e4r en del av <a href=\"https:\/\/pterritorial.conselldemallorca.es\/es\/piat\" target=\"_blank\" rel=\"noopener\">PIAT (Mallorca Area Designation Plan)<\/a> och syftar till att balansera turismens tillv\u00e4xt med milj\u00f6skydd och bostadsbehov.<\/p>\n<p>Fastigheter faller under en av fyra zoner: stads-, kust-, landsbygds- eller skyddad zon. Varje zon har olika regler f\u00f6r korttidsuthyrning. Det \u00e4r viktigt att veta vad som \u00e4r till\u00e5tet i ditt omr\u00e5de f\u00f6r att undvika juridiska problem och b\u00f6ter, som kan b\u00f6rja p\u00e5 5 000 euro eller mer, beroende p\u00e5 hur allvarligt brottet \u00e4r.<\/p>\n\n<table id=\"tablepress-8\" class=\"tablepress tablepress-id-8\">\n<thead>\n<tr class=\"row-1\">\n\t<th class=\"column-1\">Zone<\/th><th class=\"column-2\">Zone beskrivning<\/th><th class=\"column-3\">60 dagars semesteruthyrning<br \/>\n(med bostad)<\/th><th class=\"column-4\">365 dagars uthyrning<br \/>\nEnfamiljshus<\/th><th class=\"column-5\">365 dagars uthyrning<br \/>\nFlerfamiljshus<\/th>\n<\/tr>\n<\/thead>\n<tbody class=\"row-striping row-hover\">\n<tr class=\"row-2\">\n\t<td class=\"column-1\">Zone 1<\/td><td class=\"column-2\">S\u00e5rbara turistomr\u00e5den vid kusten<br \/>\n(t.ex. Magaluf, Santa Ponsa)<\/td><td class=\"column-3\">\u2705 Ja<\/td><td class=\"column-4\">\u274c Nej<\/td><td class=\"column-5\">\u274c Nej<\/td>\n<\/tr>\n<tr class=\"row-3\">\n\t<td class=\"column-1\">Zone 2<br \/>\n<\/td><td class=\"column-2\">\u00c5terst\u00e5ende kustomr\u00e5den<br \/>\n(t.ex. Port d'Andratx, Cala d'Or)<\/td><td class=\"column-3\">\u2705 Ja<\/td><td class=\"column-4\">\u2705 Ja<\/td><td class=\"column-5\">\u2705 Ja<\/td>\n<\/tr>\n<tr class=\"row-4\">\n\t<td class=\"column-1\">Zone 3<\/td><td class=\"column-2\">S\u00e5rbara innerstadsomr\u00e5den<br \/>\n(t.ex. Dei\u00e0, Valldemossa)<\/td><td class=\"column-3\">\u2705 Ja<\/td><td class=\"column-4\">\u274c Nej<\/td><td class=\"column-5\">\u274c Nej<\/td>\n<\/tr>\n<tr class=\"row-5\">\n\t<td class=\"column-1\">Zone 4<\/td><td class=\"column-2\">\u00c5terst\u00e5ende innerstadsomr\u00e5den<br \/>\n(t.ex. Inca, Santa Maria)<\/td><td class=\"column-3\">\u2705 Ja<\/td><td class=\"column-4\">\u2705 Ja<\/td><td class=\"column-5\">\u2705 Ja<\/td>\n<\/tr>\n<tr class=\"row-6\">\n\t<td class=\"column-1\">Zone 5<\/td><td class=\"column-2\">Skyddad landsbygdsmark<\/td><td class=\"column-3\">\u274c Nej<\/td><td class=\"column-4\">\u274c Nej<\/td><td class=\"column-5\">\u274c Nej<\/td>\n<\/tr>\n<tr class=\"row-7\">\n\t<td class=\"column-1\">Zone 6<\/td><td class=\"column-2\">Gemensam mark p\u00e5 landsbygden<\/td><td class=\"column-3\">\u2705 Ja<\/td><td class=\"column-4\">\u2705 Ja<\/td><td class=\"column-5\">\u274c Nej<\/td>\n<\/tr>\n<tr class=\"row-8\">\n\t<td class=\"column-1\">Zone 7<\/td><td class=\"column-2\">Undantagna omr\u00e5den<br \/>\n(t.ex. flygplatsomr\u00e5de, industriomr\u00e5den)<\/td><td class=\"column-3\">\u274c Nej<\/td><td class=\"column-4\">\u274c Nej<\/td><td class=\"column-5\">\u274c Nej<\/td>\n<\/tr>\n<\/tbody>\n<\/table>\n\n<h3>Anv\u00e4ndbara anteckningar<\/h3>\n<ul>\n<li>I zonerna 1, 2, 3, 4 och 6 kr\u00e4ver en 60-dagarslicens att \u00e4garen bor i bostaden.<\/li>\n<li>Flerfamiljshus kr\u00e4ver alltid godk\u00e4nnande fr\u00e5n byggnadens samf\u00e4llighetsf\u00f6rening.<\/li>\n<li>Zon 5 och zon 7 f\u00f6rbjuder strikt semesteruthyrning.<\/li>\n<li>Moratoriet f\u00f6r nya licenser g\u00e4ller fortfarande f\u00f6r vissa omr\u00e5den. Endast fastigheter med befintliga ans\u00f6kningar eller ans\u00f6kningar som l\u00e4mnats in f\u00f6re 2017 f\u00e5r bedriva verksamhet lagligt tills nya godk\u00e4nnanden \u00e5terupptas.<\/li>\n<li>Det \u00e4r oklart om de 60 dagarna m\u00e5ste anv\u00e4ndas kontinuerligt eller f\u00f6rdelas \u00f6ver \u00e5ret \u2013 kontrollera med lokala myndigheter.<\/li>\n<\/ul>\n<h2>Sluts<\/h2>\n<p>Att f\u00f6rst\u00e5 hyreslagarna p\u00e5 Mallorca \u00e4r mycket viktigt f\u00f6r alla som vill hyra ut fastigheter, vare sig det \u00e4r f\u00f6r en l\u00e4ngre tid eller bara f\u00f6r semester. Att k\u00e4nna till de viktigaste reglerna och kraven hj\u00e4lper dig att f\u00e5 en bra uthyrningsupplevelse och skydda din investering. Detta inkluderar saker som n\u00f6dv\u00e4ndiga licenser och skatteuppgifter. Att vara informerad kan hj\u00e4lpa dig att undvika problem och fatta smartare beslut om din fastighet. Kom ih\u00e5g att att f\u00f6lja lokala lagar inte bara skyddar dig utan ocks\u00e5 hj\u00e4lper uthyrningsmarknaden p\u00e5 Mallorca. Om du beh\u00f6ver hj\u00e4lp eller personlig r\u00e5dgivning om uthyrningslagar p\u00e5 Mallorca, tveka inte att be om en konsultation.<\/p>\n<p><a href=\"https:\/\/reiderstadinvest.com\/contact\/?lang=sv\">Vill du investera p\u00e5 Mallorca, boka en tid \u21d2<\/a><\/p>\n<h2>Vanliga fr\u00e5gor<\/h2>\n<h3>Vad \u00e4r skillnaden mellan l\u00e5ngtidsuthyrning och semesteruthyrning p\u00e5 Mallorca?<\/h3>\n<p>L\u00e5ngtidsuthyrning (mer \u00e4n 30 dagar) \u00e4r avsedd f\u00f6r bostads\u00e4ndam\u00e5l och m\u00e5ste f\u00f6lja Spaniens lag om urban hyresr\u00e4tt (LAU), som f\u00f6reskriver att ett formellt hyresavtal m\u00e5ste finnas. Dessa uthyrningar kr\u00e4ver ingen s\u00e4rskild licens.<\/p>\n<p>Semesteruthyrning \u00e4r d\u00e4remot korttidsuthyrning som erbjuds turister och kr\u00e4ver en giltig ETV-licens. Hur du annonserar din fastighet \u00e4r viktigt, eftersom det avg\u00f6r om din uthyrning anses vara turistisk enligt lagen.<\/p>\n<h3>Kan jag hyra ut min fastighet p\u00e5 Mallorca utan licens?<\/h3>\n<p>Nej, semesteruthyrning m\u00e5ste ha en ETV-licens utf\u00e4rdad av Balearernas regering. Enligt Balearernas turistlag \u00e4r uthyrning utan denna licens olaglig och kan leda till b\u00f6ter fr\u00e5n 5 000 euro. Du kan anv\u00e4nda verktyg som Holiday Rental Check Mallorca f\u00f6r att se om din fastighet \u00e4r ber\u00e4ttigad. Kontrollera alltid zonbest\u00e4mmelserna innan du l\u00e4gger ut din fastighet.<\/p>\n<h3>Hur ofta m\u00e5ste jag f\u00f6rnya min uthyrningslicens?<\/h3>\n<p>Om din ETV-licens utf\u00e4rdades f\u00f6re juli 2017 m\u00e5ste den f\u00f6rnyas vart sj\u00e4tte \u00e5r. Licenser som beviljats efter 2012 upph\u00f6r ofta inte att g\u00e4lla, men de kan fortfarande beh\u00f6va uppdateras beroende p\u00e5 hur fastigheten anv\u00e4nds eller om n\u00e5gra regler \u00e4ndras. Kontrollera alltid f\u00f6rnyelsekraven direkt med Balearernas turistr\u00e5d eller en lokal juridisk r\u00e5dgivare.<\/p>\n<h3>Kan jag f\u00e5 en ny ETV-licens 2025?<\/h3>\n<p>F\u00f6r n\u00e4rvarande har Balearernas regering pausat utf\u00e4rdandet av nya ETV-licenser i m\u00e5nga omr\u00e5den p\u00e5 grund av zonindelning och h\u00e5llbarhetsbegr\u00e4nsningar. Befintliga licenser f\u00f6rblir giltiga och \u00f6verl\u00e5tbara, men nya ans\u00f6kningar \u00e4r begr\u00e4nsade. Detta g\u00f6r licensierade fastigheter mer v\u00e4rdefulla f\u00f6r k\u00f6pare som vill investera i semesterbost\u00e4der.<\/p>\n<style>\r\n.lwrp.link-whisper-related-posts{\r\n            \r\n            margin-top: 40px;\nmargin-bottom: 30px;\r\n        }\r\n        .lwrp .lwrp-title{\r\n            \r\n            font-size: 16px;\r\n        }.lwrp .lwrp-description{\r\n            \r\n            font-size: 12px;\r\n\r\n        }\r\n        .lwrp .lwrp-list-container{\r\n        }\r\n        .lwrp .lwrp-list-multi-container{\r\n            display: flex;\r\n        }\r\n        .lwrp .lwrp-list-double{\r\n            width: 48%;\r\n        }\r\n        .lwrp .lwrp-list-triple{\r\n            width: 32%;\r\n        }\r\n        .lwrp .lwrp-list-row-container{\r\n            display: flex;\r\n            justify-content: space-between;\r\n        }\r\n        .lwrp .lwrp-list-row-container .lwrp-list-item{\r\n            width: calc(33% - 20px);\r\n        }\r\n        .lwrp .lwrp-list-item:not(.lwrp-no-posts-message-item){\r\n            \r\n            margin-bottom: 12px;max-width: 150px;\r\n        }\r\n        .lwrp .lwrp-list-item img{\r\n            max-width: 100%;\r\n            height: auto;\r\n            object-fit: cover;\r\n            aspect-ratio: 1 \/ 1;\r\n        }\r\n        .lwrp .lwrp-list-item.lwrp-empty-list-item{\r\n            background: initial !important;\r\n        }\r\n        .lwrp .lwrp-list-item .lwrp-list-link .lwrp-list-link-title-text,\r\n        .lwrp .lwrp-list-item .lwrp-list-no-posts-message{\r\n            \r\n            font-size: 16px;\r\n            \r\n            \r\n        }@media screen and (max-width: 480px) {\r\n            .lwrp.link-whisper-related-posts{\r\n                \r\n                \r\n            }\r\n            .lwrp .lwrp-title{\r\n                \r\n                \r\n            }.lwrp .lwrp-description{\r\n                \r\n                \r\n            }\r\n            .lwrp .lwrp-list-multi-container{\r\n                flex-direction: column;\r\n            }\r\n            .lwrp .lwrp-list-multi-container ul.lwrp-list{\r\n                margin-top: 0px;\r\n                margin-bottom: 0px;\r\n                padding-top: 0px;\r\n                padding-bottom: 0px;\r\n            }\r\n            .lwrp .lwrp-list-double,\r\n            .lwrp .lwrp-list-triple{\r\n                width: 100%;\r\n            }\r\n            .lwrp .lwrp-list-row-container{\r\n                justify-content: initial;\r\n                flex-direction: column;\r\n            }\r\n            .lwrp .lwrp-list-row-container .lwrp-list-item{\r\n                width: 100%;\r\n            }\r\n            .lwrp .lwrp-list-item:not(.lwrp-no-posts-message-item){\r\n                \r\n                max-width: initial;\r\n            }\r\n            .lwrp .lwrp-list-item .lwrp-list-link .lwrp-list-link-title-text,\r\n            .lwrp .lwrp-list-item .lwrp-list-no-posts-message{\r\n                \r\n                \r\n                \r\n                \r\n            };\r\n        }<\/style>\r\n<div id=\"link-whisper-related-posts-widget\" class=\"link-whisper-related-posts lwrp\">\r\n            <h3 class=\"lwrp-title\">You might also like<\/h3>    \r\n        <div class=\"lwrp-list-container\">\r\n                                <div class=\"lwrp-list lwrp-list-row-container lwrp-list-single-row\">\r\n                <div class=\"lwrp-list-item\"><a href=\"https:\/\/reiderstadinvest.com\/area\/se\/utforska-el-terreno-i-palma\/\" class=\"lwrp-list-link\"><img width=\"480\" height=\"260\" src=\"https:\/\/reiderstadinvest.com\/area\/wp-content\/uploads\/2025\/03\/Screenshot-2025-03-25-at-11.23.59.webp\" class=\"attachment-480x480 size-480x480 wp-post-image\" alt=\"Exploring El Terreno in Palma: A Hidden Gem Between Mar\u00edtimo and Castell de Bellver\" srcset=\"https:\/\/reiderstadinvest.com\/area\/wp-content\/uploads\/2025\/03\/Screenshot-2025-03-25-at-11.23.59.webp 1280w, https:\/\/reiderstadinvest.com\/area\/wp-content\/uploads\/2025\/03\/Screenshot-2025-03-25-at-11.23.59-768x416.webp 768w\" sizes=\"(max-width: 480px) 100vw, 480px\" \/><br><span class=\"lwrp-list-link-title-text\">Utforska El Terreno i Palma: En dold p\u00e4rla mellan Mar\u00edtimo och Castell de Bellver<\/span><\/a><\/div><div class=\"lwrp-list-item\"><a href=\"https:\/\/reiderstadinvest.com\/area\/se\/basta-stranderna-pa-mallorca\/\" class=\"lwrp-list-link\"><img width=\"480\" height=\"360\" src=\"https:\/\/reiderstadinvest.com\/area\/wp-content\/uploads\/2025\/03\/Best-Beaches-in-Mallorca.webp\" class=\"attachment-480x480 size-480x480 wp-post-image\" alt=\"Best Beaches in Mallorca\" srcset=\"https:\/\/reiderstadinvest.com\/area\/wp-content\/uploads\/2025\/03\/Best-Beaches-in-Mallorca.webp 1280w, https:\/\/reiderstadinvest.com\/area\/wp-content\/uploads\/2025\/03\/Best-Beaches-in-Mallorca-768x576.webp 768w\" sizes=\"(max-width: 480px) 100vw, 480px\" \/><br><span class=\"lwrp-list-link-title-text\">De 12 b\u00e4sta str\u00e4nderna p\u00e5 Mallorca<\/span><\/a><\/div><div class=\"lwrp-list-item\"><a href=\"https:\/\/reiderstadinvest.com\/area\/se\/what-you-need-to-know-about-crans-montana\/\" class=\"lwrp-list-link\"><img width=\"480\" height=\"360\" src=\"https:\/\/reiderstadinvest.com\/area\/wp-content\/uploads\/2023\/12\/IMG_0021-2-scaled.jpg\" class=\"attachment-480x480 size-480x480 wp-post-image\" alt=\"Crans-Montana mountain view with skilifts\" srcset=\"https:\/\/reiderstadinvest.com\/area\/wp-content\/uploads\/2023\/12\/IMG_0021-2-scaled.jpg 2048w, https:\/\/reiderstadinvest.com\/area\/wp-content\/uploads\/2023\/12\/IMG_0021-2-300x225.jpg 300w, https:\/\/reiderstadinvest.com\/area\/wp-content\/uploads\/2023\/12\/IMG_0021-2-1024x768.jpg 1024w, https:\/\/reiderstadinvest.com\/area\/wp-content\/uploads\/2023\/12\/IMG_0021-2-768x576.jpg 768w, https:\/\/reiderstadinvest.com\/area\/wp-content\/uploads\/2023\/12\/IMG_0021-2-1536x1152.jpg 1536w\" sizes=\"(max-width: 480px) 100vw, 480px\" \/><br><span class=\"lwrp-list-link-title-text\">Vad man kan g\u00f6ra i Crans-Montana<\/span><\/a><\/div>                <\/div>\r\n                <\/div>\r\n<\/div>","protected":false},"excerpt":{"rendered":"<p>P\u00e5 Mallorca kr\u00e4vs en s\u00e4rskild licens f\u00f6r korttidsuthyrning, men nya licenser utf\u00e4rdas inte l\u00e4ngre. Du kan fortfarande k\u00f6pa fastigheter som redan har en licens. L\u00e5ngtidsuthyrning (\u00f6ver 30 dagar) kr\u00e4ver ingen licens, men m\u00e5ste f\u00f6lja hyreslagstiftningen. Att hyra ut utan r\u00e4tt licens kan leda till b\u00f6ter p\u00e5 20 000 euro eller mer, s\u00e5 det \u00e4r viktigt [&hellip;]<\/p>\n","protected":false},"author":5,"featured_media":1450,"comment_status":"open","ping_status":"closed","sticky":false,"template":"","format":"standard","meta":{"_acf_changed":false,"iawp_total_views":248,"footnotes":""},"categories":[44],"tags":[],"class_list":["post-1460","post","type-post","status-publish","format-standard","has-post-thumbnail","hentry","category-mallorca"],"acf":[],"lang":"se","translations":{"se":1460,"en":1378,"de":1470,"es":1480},"pll_sync_post":[],"_links":{"self":[{"href":"https:\/\/reiderstadinvest.com\/area\/wp-json\/wp\/v2\/posts\/1460","targetHints":{"allow":["GET"]}}],"collection":[{"href":"https:\/\/reiderstadinvest.com\/area\/wp-json\/wp\/v2\/posts"}],"about":[{"href":"https:\/\/reiderstadinvest.com\/area\/wp-json\/wp\/v2\/types\/post"}],"author":[{"embeddable":true,"href":"https:\/\/reiderstadinvest.com\/area\/wp-json\/wp\/v2\/users\/5"}],"replies":[{"embeddable":true,"href":"https:\/\/reiderstadinvest.com\/area\/wp-json\/wp\/v2\/comments?post=1460"}],"version-history":[{"count":3,"href":"https:\/\/reiderstadinvest.com\/area\/wp-json\/wp\/v2\/posts\/1460\/revisions"}],"predecessor-version":[{"id":1528,"href":"https:\/\/reiderstadinvest.com\/area\/wp-json\/wp\/v2\/posts\/1460\/revisions\/1528"}],"wp:featuredmedia":[{"embeddable":true,"href":"https:\/\/reiderstadinvest.com\/area\/wp-json\/wp\/v2\/media\/1450"}],"wp:attachment":[{"href":"https:\/\/reiderstadinvest.com\/area\/wp-json\/wp\/v2\/media?parent=1460"}],"wp:term":[{"taxonomy":"category","embeddable":true,"href":"https:\/\/reiderstadinvest.com\/area\/wp-json\/wp\/v2\/categories?post=1460"},{"taxonomy":"post_tag","embeddable":true,"href":"https:\/\/reiderstadinvest.com\/area\/wp-json\/wp\/v2\/tags?post=1460"}],"curies":[{"name":"wp","href":"https:\/\/api.w.org\/{rel}","templated":true}]}}