{"id":1201,"date":"2025-03-30T08:30:49","date_gmt":"2025-03-30T08:30:49","guid":{"rendered":"https:\/\/reiderstadinvest.com\/area\/?p=1201"},"modified":"2025-06-06T15:09:35","modified_gmt":"2025-06-06T15:09:35","slug":"basta-stranderna-pa-mallorca","status":"publish","type":"post","link":"https:\/\/reiderstadinvest.com\/area\/se\/basta-stranderna-pa-mallorca\/","title":{"rendered":"De 12 b\u00e4sta str\u00e4nderna p\u00e5 Mallorca"},"content":{"rendered":"<ul>\n<li>Utforska den fantastiska \u00f6n Mallorca, med \u00f6ver 50 km or\u00f6rd kustlinje.<\/li>\n<li>Uppt\u00e4ck avskilda vikar, familjev\u00e4nliga str\u00e4nder och str\u00e4nder som \u00e4r perfekta f\u00f6r vattensporter.<\/li>\n<li>Koppla av p\u00e5 den mjuka, vita sanden och njut av Medelhavssolen.<\/li>\n<li>Utforska den naturliga sk\u00f6nheten p\u00e5 Mallorcas str\u00e4nder, fr\u00e5n pinjeskogar till dramatiska klippor.<\/li>\n<li>Hitta ditt perfekta strandparadis, oavsett om du s\u00f6ker lugn och ro eller \u00e4ventyr.<\/li>\n<\/ul>\n<figure id=\"attachment_1028\" aria-describedby=\"caption-attachment-1028\" style=\"width: 1280px\" class=\"wp-caption aligncenter\"><a href=\"https:\/\/reiderstadinvest.com\/contact\/?lang=sv\"><img decoding=\"async\" class=\"size-full wp-image-1028\" src=\"https:\/\/reiderstadinvest.com\/area\/wp-content\/uploads\/2025\/03\/Banner-1-SW.webp\" alt=\"\" width=\"1280\" height=\"420\" srcset=\"https:\/\/reiderstadinvest.com\/area\/wp-content\/uploads\/2025\/03\/Banner-1-SW.webp 1280w, https:\/\/reiderstadinvest.com\/area\/wp-content\/uploads\/2025\/03\/Banner-1-SW-768x252.webp 768w\" sizes=\"(max-width: 1280px) 100vw, 1280px\" \/><\/a><figcaption id=\"caption-attachment-1028\" class=\"wp-caption-text\">Live the lifestyle in Mallorca<\/figcaption><\/figure>\n<p>\u00d6n Mallorca ligger inb\u00e4ddad i hj\u00e4rtat av Medelhavet och lockar resen\u00e4rer med sin f\u00e4ngslande charm och fantastiska landskap. Bland dess m\u00e5nga p\u00e4rlor finns n\u00e5gra av de mest uts\u00f6kta str\u00e4nderna i Europa.<\/p>\n<h2>Uppt\u00e4ck de 12 b\u00e4sta str\u00e4nderna p\u00e5 Mallorca<\/h2>\n<p>Mallorcas str\u00e4nder \u00e4r lika varierande som de \u00e4r vackra. Oavsett om du s\u00f6ker en avskild vik med kristallklart vatten, en livfull sandstrand med gott om plats och bekv\u00e4mligheter eller ett avskilt naturparadis, s\u00e5 har Mallorca n\u00e5got att erbjuda alla strand\u00e4lskare. Forts\u00e4tt l\u00e4sa n\u00e4r vi avsl\u00f6jar de 12 b\u00e4sta str\u00e4nderna p\u00e5 Mallorca.<\/p>\n<p><a href=\"https:\/\/reiderstadinvest.com\/mallorca\/listings\/\">Hitta ditt dr\u00f6mboende p\u00e5 Mallorca \u21d2.<\/a><\/p>\n<h2>1. Stranden Es Trenc<\/h2>\n<p><img decoding=\"async\" class=\"size-full wp-image-1120 aligncenter\" src=\"https:\/\/reiderstadinvest.com\/area\/wp-content\/uploads\/2025\/03\/ES-TRENC.webp\" alt=\"ES TRENC beach\" width=\"1280\" height=\"718\" srcset=\"https:\/\/reiderstadinvest.com\/area\/wp-content\/uploads\/2025\/03\/ES-TRENC.webp 1280w, https:\/\/reiderstadinvest.com\/area\/wp-content\/uploads\/2025\/03\/ES-TRENC-768x431.webp 768w\" sizes=\"(max-width: 1280px) 100vw, 1280px\" \/><\/p>\n<p>Es Trenc hyllas ofta som en av <strong>Mallorcas vackraste str\u00e4nder<\/strong> och \u00e4r paradisstrand. Den h\u00e4r or\u00f6rda kuststr\u00e4ckan str\u00e4cker sig kilometervis &#8211; cirka 10 km f\u00f6r att vara exakt &#8211; med or\u00f6rd vit sand och kristallklart vatten.<\/p>\n<p>Med naturliga sanddyner och svajande gr\u00e4s i bakgrunden erbjuder Es Trenc en lugn fristad fr\u00e5n de livliga folkmassorna. Det grunda, turkosa vattnet \u00e4r perfekt f\u00f6r simning och snorkling och avsl\u00f6jar en livlig undervattensv\u00e4rld.<\/p>\n<p>Som ett <strong>bevarat naturskyddsomr\u00e5de<\/strong> f\u00f6rblir Es Trenc lyckligtvis oexploaterat, s\u00e5 att du verkligen kan koppla av i den or\u00f6rda naturen. Kom ih\u00e5g att ta med dina egna f\u00f6rn\u00f6denheter, eftersom det inte finns n\u00e5gra faciliteter p\u00e5 denna or\u00f6rda strand.<\/p>\n<h3>H\u00f6jdpunkter p\u00e5 Es Trenc:<\/h3>\n<ul>\n<li>L\u00e5ng, sandig strandlinje med kristallklart grunt vatten<\/li>\n<li>Naturlig, oexploaterad milj\u00f6 som erbjuder en lugn tillflykt<\/li>\n<li>Nudistv\u00e4nliga zoner och integrerad strandkultur<\/li>\n<li>Perfekt f\u00f6r simning och solbad i lugna omgivningar<\/li>\n<li>Parkering och enklare faciliteter finns i n\u00e4rheten<\/li>\n<\/ul>\n<h2>2. Cala Mondrag\u00f3<\/h2>\n<p><img decoding=\"async\" class=\"size-full wp-image-1138 aligncenter\" src=\"https:\/\/reiderstadinvest.com\/area\/wp-content\/uploads\/2025\/03\/Cala-Mondrago.webp\" alt=\"Cala Mondrago\u0301\" width=\"1280\" height=\"677\" srcset=\"https:\/\/reiderstadinvest.com\/area\/wp-content\/uploads\/2025\/03\/Cala-Mondrago.webp 1280w, https:\/\/reiderstadinvest.com\/area\/wp-content\/uploads\/2025\/03\/Cala-Mondrago-768x406.webp 768w\" sizes=\"(max-width: 1280px) 100vw, 1280px\" \/><\/p>\n<p>Cala Mondrag\u00f3 ligger inb\u00e4ddad i ett <strong>naturreservat <\/strong>p\u00e5 Mallorcas syd\u00f6stra kust och \u00e4r allm\u00e4nt k\u00e4nd f\u00f6r sin lugna atmosf\u00e4r och sitt klara, grunda vatten. Den \u00e4r l\u00e4mplig f\u00f6r resen\u00e4rer som s\u00f6ker en lugn milj\u00f6 och \u00e4r s\u00e4rskilt tillg\u00e4nglig f\u00f6r familjer eller \u00e4ldre bes\u00f6kare.<\/p>\n<p>Cala Mondrag\u00f3 flankeras av pinjeskogar och stigar som erbjuder sk\u00f6na promenader mellan de n\u00e4rliggande vikarna. Cala Mondrag\u00f3 kan ocks\u00e5 n\u00e5s med kollektivtrafik, vilket g\u00f6r den perfekt f\u00f6r dem som inte hyr bil.<\/p>\n<h3><strong>H\u00f6jdpunkter i Cala Mondrag\u00f3:<\/strong><\/h3>\n<ul>\n<li>Skyddad natur med vandringsleder mellan str\u00e4nderna<\/li>\n<li>Grunt, klart vatten som l\u00e4mpar sig f\u00f6r avslappnade simturer<\/li>\n<li>L\u00e4ttillg\u00e4ngligt med kollektivtrafik fr\u00e5n Palma<\/li>\n<li>Tv\u00e5 vikar (Cala Mondrag\u00f3 och Cala S&#8217;Amarador) med olika atmosf\u00e4r<\/li>\n<li>Faciliteter p\u00e5 plats, inklusive solstolar och en strandbar<\/li>\n<\/ul>\n<h2>3. Playa de Muro<\/h2>\n<p><img decoding=\"async\" class=\"size-full wp-image-1139 aligncenter\" src=\"https:\/\/reiderstadinvest.com\/area\/wp-content\/uploads\/2025\/03\/Playa-de-Muro.webp\" alt=\"Playa de Muro. Best beaches in Mallorca\" width=\"1280\" height=\"712\" srcset=\"https:\/\/reiderstadinvest.com\/area\/wp-content\/uploads\/2025\/03\/Playa-de-Muro.webp 1280w, https:\/\/reiderstadinvest.com\/area\/wp-content\/uploads\/2025\/03\/Playa-de-Muro-768x427.webp 768w\" sizes=\"(max-width: 1280px) 100vw, 1280px\" \/><\/p>\n<p>Playa de Muro str\u00e4cker sig elegant l\u00e4ngs Mallorcas norra kust och \u00e4r en lugn oas f\u00f6r strand\u00e4lskare. Med \u00f6ver fem kilometer mjuk, vit sand och grunt, turkost vatten \u00e4r det en s\u00e4ker och inbjudande semesterort, s\u00e4rskilt omtyckt av <strong>sm\u00e5barnsfamiljer<\/strong>.<\/p>\n<p>Denna Bl\u00e5 Flagg-strand \u00e4r k\u00e4nd f\u00f6r sin exceptionella renlighet och sina v\u00e4lsk\u00f6tta faciliteter. Mjuka v\u00e5gor och en gradvis avtagande havsbotten g\u00f6r den perfekt f\u00f6r att vada, simma och vattenlekar. Den lugna atmosf\u00e4ren lockar ocks\u00e5 dem som s\u00f6ker avkoppling utan att beh\u00f6va g\u00e5 l\u00e5ngt till moderna bekv\u00e4mligheter.<\/p>\n<h3><strong>H\u00f6jdpunkter p\u00e5 Playa de Muro: <\/strong>Vidstr\u00e4ckt vit sandstrand som \u00e4r perfekt f\u00f6r familjer och l\u00e5nga promenader<\/h3>\n<ul>\n<li>Klart, grunt vatten perfekt f\u00f6r s\u00e4ker simning och f\u00f6r barn<\/li>\n<li>Bl\u00e5 flagg-status f\u00f6r h\u00f6g milj\u00f6- och kvalitetsstandard<\/li>\n<li>Utm\u00e4rkta bekv\u00e4mligheter, inklusive vattensporter, solstolar och matst\u00e4llen<\/li>\n<li>N\u00e4rhet till naturreservatet S&#8217;Albufera f\u00f6r naturvandringar och f\u00e5gelsk\u00e5dning<\/li>\n<\/ul>\n<h2>4. Cala Millor<\/h2>\n<p><img decoding=\"async\" class=\"size-full wp-image-1140 aligncenter\" src=\"https:\/\/reiderstadinvest.com\/area\/wp-content\/uploads\/2025\/03\/Cala-Millor-1.webp\" alt=\"Cala Millor\" width=\"1280\" height=\"712\" srcset=\"https:\/\/reiderstadinvest.com\/area\/wp-content\/uploads\/2025\/03\/Cala-Millor-1.webp 1280w, https:\/\/reiderstadinvest.com\/area\/wp-content\/uploads\/2025\/03\/Cala-Millor-1-768x427.webp 768w\" sizes=\"(max-width: 1280px) 100vw, 1280px\" \/><\/p>\n<p>Cala Millor ligger l\u00e4ngs Mallorcas \u00f6stra kust och \u00e4r en dynamisk badort som \u00e4r k\u00e4nd f\u00f6r sin vidstr\u00e4ckta, halvm\u00e5neformade strand. Den mjuka gyllene sanden och de mjuka v\u00e5gorna g\u00f6r den till en favorit f\u00f6r b\u00e5de solt\u00f6rstande och aktiva resen\u00e4rer, med gott om utrymme f\u00f6r att simma, sola eller delta i ett brett utbud av vattensporter.<\/p>\n<p>Den h\u00e4r fina semesterorten har en livlig strandpromenad med kaf\u00e9er, butiker och restauranger som erbjuder b\u00e5de lokala och internationella k\u00f6k. H\u00e4r finns allt fr\u00e5n familjesemestrar till romantiska resor, och de palmkantade promenadstr\u00e5ken och de n\u00e4rliggande naturomr\u00e5dena inbjuder till uppt\u00e4cktsf\u00e4rder bortom strandlinjen.<\/p>\n<h3><strong>H\u00f6jdpunkter i Cala Millor:<\/strong><\/h3>\n<ul>\n<li>Bred sandstrand med grunt, badv\u00e4nligt vatten<\/li>\n<li>Aktivt strandliv med vattensporter som SUP och vindsurfing<\/li>\n<li>Livlig strandpromenad med m\u00e5nga restauranger och n\u00f6jesst\u00e4llen<\/li>\n<li>Rena och tillg\u00e4ngliga faciliteter med badvakter och solstolar<\/li>\n<li>Familjev\u00e4nlig atmosf\u00e4r balanserad med rofyllda platser<\/li>\n<\/ul>\n<h2>5. Formentor strand<\/h2>\n<p><img decoding=\"async\" class=\"size-full wp-image-1121 aligncenter\" src=\"https:\/\/reiderstadinvest.com\/area\/wp-content\/uploads\/2025\/03\/FORMENTOR_BEACH_MAL_APRIL-2023_32.webp\" alt=\"Formentor beach in Mallorca\" width=\"1280\" height=\"960\" srcset=\"https:\/\/reiderstadinvest.com\/area\/wp-content\/uploads\/2025\/03\/FORMENTOR_BEACH_MAL_APRIL-2023_32.webp 1280w, https:\/\/reiderstadinvest.com\/area\/wp-content\/uploads\/2025\/03\/FORMENTOR_BEACH_MAL_APRIL-2023_32-768x576.webp 768w\" sizes=\"(max-width: 1280px) 100vw, 1280px\" \/><\/p>\n<p>Formentor stranden ligger p\u00e5 Mallorcas nordligaste spets och \u00e4r k\u00e4nd f\u00f6r sin fantastiska naturliga sk\u00f6nhet. Med en frodig pinjeskog och de dramatiska topparna i <strong>Serra de Tramuntana<\/strong> i bakgrunden bjuder stranden p\u00e5 hisnande vyer i varje v\u00e4derstreck.<\/p>\n<p>Den ikoniska fyren Formentor Lighthouse st\u00e5r stolt p\u00e5 en klippa och bidrar till det dramatiska landskapet. Stranden har kristallklart vatten som \u00e4r perfekt f\u00f6r simning och snorkling, medan den omgivande naturparken erbjuder <strong>vandringsleder<\/strong> med panoramautsikt.<\/p>\n<p>F\u00f6r en lyxig behandling, bes\u00f6k det historiska <a href=\"https:\/\/www.fourseasons.com\/es-es\/mallorca\/\" target=\"_blank\" rel=\"noopener\">Hotel Formentor<\/a>, en favorit bland k\u00e4ndisar och sofistikerade resen\u00e4rer.<\/p>\n<h3><strong>H\u00f6jdpunkter i Playa de Formentor:<\/strong><\/h3>\n<ul>\n<li>Lugnt, kristallklart vatten som \u00e4r perfekt f\u00f6r rofyllda simturer<\/li>\n<li>Naturlig skugga fr\u00e5n pinjetr\u00e4d direkt p\u00e5 stranden<\/li>\n<li>Fantastisk utsikt \u00f6ver Tramuntana bergen och n\u00e4rliggande \u00f6ar<\/li>\n<li>Faciliteter som uthyrning av solstolar och ett strandcaf\u00e9<\/li>\n<li>Natursk\u00f6n bilresa genom slingrande v\u00e4gar f\u00f6r att n\u00e5 stranden<\/li>\n<\/ul>\n<h2>6. Cala Llombards<\/h2>\n<p><img decoding=\"async\" class=\"size-full wp-image-1141 aligncenter\" src=\"https:\/\/reiderstadinvest.com\/area\/wp-content\/uploads\/2025\/03\/cala-llombards-beach-02-1-1.webp\" alt=\"Cala Llombards\" width=\"1280\" height=\"720\" srcset=\"https:\/\/reiderstadinvest.com\/area\/wp-content\/uploads\/2025\/03\/cala-llombards-beach-02-1-1.webp 1280w, https:\/\/reiderstadinvest.com\/area\/wp-content\/uploads\/2025\/03\/cala-llombards-beach-02-1-1-768x432.webp 768w\" sizes=\"(max-width: 1280px) 100vw, 1280px\" \/><\/p>\n<p>Cala Llombards ligger undang\u00f6mt p\u00e5 Mallorcas syd\u00f6stra kust och \u00e4r en dold p\u00e4rla som kommer att f\u00e4ngsla dina sinnen. Den h\u00e4r pittoreska viken \u00e4r k\u00e4nd f\u00f6r sitt kristallklara vatten, den fina vita sanden och de ikoniska klipporna som ramar in viken.<\/p>\n<p>Cala Llombards erbjuder en lugn tillflyktsort med en avslappnad atmosf\u00e4r. Koppla av p\u00e5 den mjuka sanden, ta ett uppfriskande dopp i det turkosbl\u00e5a vattnet eller utforska de n\u00e4rliggande klipporna och grottorna. En liten strandbar erbjuder f\u00f6rfriskningar och snacks, vilket garanterar en bekv\u00e4m och trevlig stranddag.<\/p>\n<h3>H\u00f6jdpunkter i Cala Llombards:<\/h3>\n<ul>\n<li>Kristallklart vatten som \u00e4r perfekt f\u00f6r simning och snorkling<\/li>\n<li>Ikonisk klippb\u00e5ge som erbjuder hisnande fotom\u00f6jligheter<\/li>\n<li>Lugn och avslappnad atmosf\u00e4r perfekt f\u00f6r att varva ner<\/li>\n<li>Bekv\u00e4m strandbar som serverar uppfriskande drycker och snacks<\/li>\n<li>Kort promenad fr\u00e5n parkeringen till stranden<\/li>\n<\/ul>\n<h2>7. Port d&#8217;Alcudia-stranden<\/h2>\n<p><img decoding=\"async\" class=\"size-full wp-image-979 aligncenter\" src=\"https:\/\/reiderstadinvest.com\/area\/wp-content\/uploads\/2025\/03\/Living-in-Alcudia.-Alcudia-Drohne-Beach.webp\" alt=\"Living in Alcudia. Alcudia Drohne Beach\" width=\"1080\" height=\"607\" srcset=\"https:\/\/reiderstadinvest.com\/area\/wp-content\/uploads\/2025\/03\/Living-in-Alcudia.-Alcudia-Drohne-Beach.webp 1080w, https:\/\/reiderstadinvest.com\/area\/wp-content\/uploads\/2025\/03\/Living-in-Alcudia.-Alcudia-Drohne-Beach-300x169.webp 300w, https:\/\/reiderstadinvest.com\/area\/wp-content\/uploads\/2025\/03\/Living-in-Alcudia.-Alcudia-Drohne-Beach-1024x576.webp 1024w, https:\/\/reiderstadinvest.com\/area\/wp-content\/uploads\/2025\/03\/Living-in-Alcudia.-Alcudia-Drohne-Beach-768x432.webp 768w\" sizes=\"(max-width: 1080px) 100vw, 1080px\" \/><\/p>\n<p>Port d&#8217;Alcudia Beach str\u00e4cker sig elegant l\u00e4ngs Mallorcas nord\u00f6stra kust och \u00e4r ett \u00e4lskat <strong>familjev\u00e4nligt resm\u00e5l<\/strong>. Med sitt grunda, lugna vatten och fina, pudriga sand \u00e4r denna vidstr\u00e4ckta strand perfekt f\u00f6r s\u00e4ker paddling och o\u00e4ndlig lek under solen.<\/p>\n<p>Stranden str\u00e4cker sig \u00f6ver 7 kilometer och erbjuder gott om plats f\u00f6r solbadare, simmare och \u00e4ventyrare. Vattensporter som paddleboarding, jetski och bananb\u00e5tsturer ger en k\u00e4nsla av gl\u00e4dje och energi, medan det lugna havet \u00e4r inbjudande f\u00f6r alla \u00e5ldrar.<\/p>\n<p>P\u00e5 den palmkantade strandpromenaden finns en salig blandning av matst\u00e4llen, strandbarer och lokala butiker. Det \u00e4r l\u00e4tt att ta sig till Port d&#8217;Alcudia via bussh\u00e5llplatser och taxistationer i n\u00e4rheten, vilket g\u00f6r det till en bekv\u00e4m och l\u00e4ttillg\u00e4nglig strandupplevelse f\u00f6r par, grupper och s\u00e4rskilt unga familjer.<\/p>\n<h3><strong>H\u00f6jdpunkter p\u00e5 Port d&#8217;Alcudia Beach:<\/strong><\/h3>\n<ul>\n<li>Omfattande, l\u00e5nggrund strand som \u00e4r perfekt f\u00f6r barn och icke simmare<\/li>\n<li>Mjuk vit sand och kristallklart vatten med utm\u00e4rkt sikt<\/li>\n<li>\u00d6verfl\u00f6d av vattenaktiviteter, inklusive uthyrning och guidade turer<\/li>\n<li>Livlig strandpromenad fylld med restauranger, butiker och andra bekv\u00e4mligheter<\/li>\n<li>Goda f\u00f6rbindelser med lokala st\u00e4der och semesterorter via kollektivtrafik<\/li>\n<\/ul>\n<h2>8. Cala d&#8217;Or<\/h2>\n<p><img decoding=\"async\" class=\"size-full wp-image-1142 aligncenter\" src=\"https:\/\/reiderstadinvest.com\/area\/wp-content\/uploads\/2025\/03\/Cala-dOr-beach.webp\" alt=\"Cala d'Or beach\" width=\"1280\" height=\"712\" srcset=\"https:\/\/reiderstadinvest.com\/area\/wp-content\/uploads\/2025\/03\/Cala-dOr-beach.webp 1280w, https:\/\/reiderstadinvest.com\/area\/wp-content\/uploads\/2025\/03\/Cala-dOr-beach-768x427.webp 768w\" sizes=\"(max-width: 1280px) 100vw, 1280px\" \/><\/p>\n<p>Cala d&#8217;Or ligger l\u00e4ngs Mallorcas syd\u00f6stra kust och f\u00f6rtrollar med en rad sm\u00e5 intima vikar som var och en erbjuder sin egen del av paradiset. Denna semesterort \u00e4r k\u00e4nd f\u00f6r sin avslappnade elegans och \u00e4r en favorit bland resen\u00e4rer som s\u00f6ker fridfulla omgivningar, kristallklart vatten och en touch av sofistikering.<\/p>\n<p>Str\u00e4nderna h\u00e4r \u00e4r sm\u00e5 men sl\u00e5ende vackra &#8211; turkost vatten som ramas in av klippiga vikar och lummiga pinjetr\u00e4d. Cala Gran \u00e4r den mest liviliga, medan Cala Esmeralda och Cala Ferrera erbjuder mer avskilda alternativ. De lugna, skyddade vikarna \u00e4r perfekta f\u00f6r att simma, snorkla eller bara flyta under Medelhavssolen.<\/p>\n<p>\u00c4ven om vikarna \u00e4r kompakta \u00e4r de v\u00e4lf\u00f6rsedda med solstolar, kaf\u00e9er och faciliteter. Strandbes\u00f6kare \u00e4lskar att komma tidigt f\u00f6r att njuta av lugnet innan folkmassorna rullar in.<\/p>\n<h3><strong>H\u00f6jdpunkter i Cala d&#8217;Or:<\/strong><\/h3>\n<ul>\n<li>Kristallklart turkost vatten som \u00e4r perfekt f\u00f6r simning och snorkling<\/li>\n<li>Natursk\u00f6na vikar som Cala Gran och Cala Esmeralda inom g\u00e5ngavst\u00e5nd<\/li>\n<li>Kaf\u00e9er och restauranger vid stranden som erbjuder lokala r\u00e4tter och f\u00f6rfriskningar<\/li>\n<li>Vacker sm\u00e5b\u00e5tshamn, charmig stadsk\u00e4rna och avslappnade kustv\u00e4gar<\/li>\n<li>Upplevs b\u00e4st tidigt p\u00e5 morgonen innan det blir mycket folk<\/li>\n<\/ul>\n<h2>9. Santany\u00ed-stranden (Cala Santany\u00ed)<\/h2>\n<p><img decoding=\"async\" class=\"size-full wp-image-1143 aligncenter\" src=\"https:\/\/reiderstadinvest.com\/area\/wp-content\/uploads\/2025\/03\/Santanyi-Beach.webp\" alt=\"Santanyi\u0301 Beach\" width=\"1280\" height=\"712\" srcset=\"https:\/\/reiderstadinvest.com\/area\/wp-content\/uploads\/2025\/03\/Santanyi-Beach.webp 1280w, https:\/\/reiderstadinvest.com\/area\/wp-content\/uploads\/2025\/03\/Santanyi-Beach-768x427.webp 768w\" sizes=\"(max-width: 1280px) 100vw, 1280px\" \/><\/p>\n<p>Santany\u00ed stranden &#8211; \u00e4ven k\u00e4nd som Cala Santany\u00ed &#8211; \u00e4r en juvel p\u00e5 Mallorcas syd\u00f6stra kust, omgiven av pinjetr\u00e4dsbevuxna klippor och badande i Medelhavets solljus. Den h\u00e4r lugna viken \u00e4r k\u00e4nd f\u00f6r sin mjuka gyllene sand, sitt lugna turkosa vatten och vykortsvackra landskap och erbjuder en idyllisk milj\u00f6 f\u00f6r b\u00e5de familjer, par och natur\u00e4lskare. Det grunda vattnet och det kristallklara havet g\u00f6r det perfekt f\u00f6r barn och andra som inte simmar. Snorklare kan f\u00f6rv\u00e4nta sig att se sm\u00e5 fiskar som pilar genom det lugna grundet, medan mer \u00e4ventyrliga bes\u00f6kare kan kl\u00e4ttra upp p\u00e5 klipporna f\u00f6r s\u00e4kra dykplatser.<\/p>\n<p>Den mjuka lutningen p\u00e5 havsbotten g\u00f6r att man kan vada l\u00e5ngt ut och \u00e4nd\u00e5 k\u00e4nna sig s\u00e4ker. Trots sin ringa storlek \u00e4r Cala Santany\u00ed imponerande v\u00e4lf\u00f6rsedd. Solstolar och parasoller finns att hyra och strandbarer och n\u00e4rliggande kaf\u00e9er erbjuder f\u00f6rfriskningar med utsikt.<\/p>\n<p>En vaksam badvaktspost, rena faciliteter och enkel \u00e5tkomst fr\u00e5n staden g\u00f6r stranden \u00e4nnu mer familjev\u00e4nlig. Bes\u00f6kare rekommenderar att man kommer tidigt f\u00f6r att s\u00e4kra en bra plats, eftersom stranden fylls snabbt under h\u00f6gs\u00e4song.<\/p>\n<h3><strong>H\u00f6jdpunkter p\u00e5 Santany\u00ed Beach:<\/strong><\/h3>\n<ul>\n<li>Skyddad vik med grunt, lugnt vatten som \u00e4r perfekt f\u00f6r familjer<\/li>\n<li>Fantastisk snorkling och ibland klippdykning f\u00f6r den \u00e4ventyrslystne<\/li>\n<li>Bekv\u00e4mligheter p\u00e5 plats, inklusive solstolar, duschar, toaletter och strandcaf\u00e9er<\/li>\n<li>Natursk\u00f6na vyer inramade av klippor och pinjetr\u00e4d<\/li>\n<li>Kort promenad fr\u00e5n staden Santany\u00ed, med <strong>gatuparkering i n\u00e4rheten<\/strong><\/li>\n<\/ul>\n<h2>10. Cala Tuent<\/h2>\n<p><img decoding=\"async\" class=\"size-full wp-image-1145 aligncenter\" src=\"https:\/\/reiderstadinvest.com\/area\/wp-content\/uploads\/2025\/03\/Cala-Tuent.webp\" alt=\"Cala Tuent beach Mallorca\" width=\"1200\" height=\"668\" srcset=\"https:\/\/reiderstadinvest.com\/area\/wp-content\/uploads\/2025\/03\/Cala-Tuent.webp 1200w, https:\/\/reiderstadinvest.com\/area\/wp-content\/uploads\/2025\/03\/Cala-Tuent-768x428.webp 768w\" sizes=\"(max-width: 1200px) 100vw, 1200px\" \/><\/p>\n<p>Cala Tuent ligger lite g\u00f6md bland Tramuntana-bergen och \u00e4r en avskild stenstrand som \u00e4r k\u00e4nd f\u00f6r sin karga sk\u00f6nhet och sitt fantastiska lugn. Den anses vara en av de lugnaste str\u00e4nderna n\u00e4ra S\u00f3ller, vilket g\u00f6r den till en idealisk tillflyktsort. Stranden \u00e4r stenig, men det smaragdgr\u00f6na vattnet och den dramatiska bergsbakgrunden ger en unik upplevelse som k\u00e4nns som en v\u00e4rld l\u00e5ngt fr\u00e5n de livligare semesterorterna.<\/p>\n<h3><strong>H\u00f6jdpunkter i Cala Tuent:<\/strong><\/h3>\n<ul>\n<li>Tyst, mindre k\u00e4nd vik f\u00f6r den som s\u00f6ker avskildhet och f\u00f6r natur\u00e4lskare<\/li>\n<li>Bergslandskap med fantastiska panoramavyer<\/li>\n<li>Rent, klart vatten som \u00e4r perfekt f\u00f6r simning och snorkling<\/li>\n<li>Perfekt att kombinera med en natursk\u00f6n biltur eller dagsutflykt fr\u00e5n S\u00f3ller<\/li>\n<li>B\u00e4st med vattenskor p\u00e5 grund av den steniga stranden<\/li>\n<\/ul>\n<h2>11. Cala Dei\u00e0<\/h2>\n<p><img decoding=\"async\" class=\"size-full wp-image-1146 aligncenter\" src=\"https:\/\/reiderstadinvest.com\/area\/wp-content\/uploads\/2025\/03\/Cala-Deia.webp\" alt=\"Cala Deia\u0300 beach and restaurant in Mallorca\" width=\"1200\" height=\"668\" srcset=\"https:\/\/reiderstadinvest.com\/area\/wp-content\/uploads\/2025\/03\/Cala-Deia.webp 1200w, https:\/\/reiderstadinvest.com\/area\/wp-content\/uploads\/2025\/03\/Cala-Deia-768x428.webp 768w\" sizes=\"(max-width: 1200px) 100vw, 1200px\" \/><\/p>\n<p>Cala Dei\u00e0 ligger n\u00e4ra den konstn\u00e4rliga byn Dei\u00e0 och \u00e4r en liten vik med stenar som \u00e4r k\u00e4nd f\u00f6r sin bohemiska charm och dramatiska kustlinje. \u00c4ven om den inte \u00e4r den mest bekv\u00e4ma att slappa i, har det klara vattnet och de omgivande klipporna gjort den till en favorit bland lokalbefolkningen och \u00e4ventyrliga simmare.<\/p>\n<p>Den h\u00e4r lilla viken i Dei\u00e0 blir \u00e4nnu mer njutbar om du kombinerar bes\u00f6ket med en lunch p\u00e5 strandrestaurangen <a href=\"https:\/\/caspatromarch.myrestoo.net\/en\/reservar\" target=\"_blank\" rel=\"noopener\">Ca&#8217;s Patro March<\/a>, som serverar f\u00e4rska skaldjur med spektakul\u00e4r utsikt. Se bara till att boka i god tid.<\/p>\n<h3><strong>H\u00f6jdpunkter i Cala Dei\u00e0:<\/strong><\/h3>\n<ul>\n<li>Klart vatten i en natursk\u00f6n, stenig vik som \u00e4r perfekt f\u00f6r snorkling<\/li>\n<li>Ber\u00f6md fisk- och skaldjursrestaurang precis vid stranden<\/li>\n<li>Popul\u00e4r bland vandrare och dagsutflyktare fr\u00e5n Valldemossa och Dei\u00e0<\/li>\n<li>En fridfull tillflyktsort som b\u00e4st bes\u00f6ks p\u00e5 morgonen eller sent p\u00e5 eftermiddagen<\/li>\n<li>Unik atmosf\u00e4r i hj\u00e4rtat av bergen<\/li>\n<\/ul>\n<h2>12. Stranden Sa Calobra<\/h2>\n<p><img decoding=\"async\" class=\"size-full wp-image-1147 aligncenter\" src=\"https:\/\/reiderstadinvest.com\/area\/wp-content\/uploads\/2025\/03\/Sa-Calobra.webp\" alt=\"Sa Calobra beach in Mallorca\" width=\"1200\" height=\"668\" srcset=\"https:\/\/reiderstadinvest.com\/area\/wp-content\/uploads\/2025\/03\/Sa-Calobra.webp 1200w, https:\/\/reiderstadinvest.com\/area\/wp-content\/uploads\/2025\/03\/Sa-Calobra-768x428.webp 768w\" sizes=\"(max-width: 1200px) 100vw, 1200px\" \/><\/p>\n<p>Nedanf\u00f6r Tramuntana-bergens h\u00f6ga klippor ligger Sa Calobra stranden, en av Mallorcas mest dramatiska och of\u00f6rgl\u00f6mliga kuststr\u00e4nder. Sa Calobra n\u00e5s via en hisnande, <strong>slingrande serpentinv\u00e4g<\/strong> eller en natursk\u00f6n b\u00e5ttur fr\u00e5n Port de S\u00f3ller, och bel\u00f6nar \u00e4ventyrliga resen\u00e4rer med hisnande vyer och en unik milj\u00f6.<\/p>\n<p>Sj\u00e4lva stranden \u00e4r en smal remsa av sm\u00e5sten som ligger inb\u00e4ddad mellan h\u00f6ga klippv\u00e4ggar, vid mynningen av Torrent de Pareis &#8211; en spektakul\u00e4r naturlig klyfta som skurits ut genom klipporna. En kort promenad genom g\u00e5ngtunnlar som \u00e4r uthuggna i berget leder dig fr\u00e5n hamnen till stranden och erbjuder en storslagen ankomst. Vikens klara, bl\u00e5gr\u00f6na vatten \u00e4r perfekt f\u00f6r ett uppfriskande dopp, s\u00e4rskilt tidigt p\u00e5 dagen innan folkmassorna anl\u00e4nder.<\/p>\n<p>\u00c4ven om stranden kan bli v\u00e4lbes\u00f6kt under h\u00f6gs\u00e4song \u00e4r det omgivande landskapet v\u00e4rt varje steg. F\u00f6r den som s\u00f6ker \u00e4ventyr kan man vandra djupare in i Torrent de Pareis-kanjonen, en vild, stenig stig genom ett av Mallorcas mest hisnande naturliga landm\u00e4rken. Det finns parkering i n\u00e4rheten, men bes\u00f6kare rekommenderar att man kommer tidigt f\u00f6r att undvika tr\u00e4ngsel och s\u00e4kra en bra plats.<\/p>\n<h3><strong>H\u00f6jdpunkter p\u00e5 Sa Calobra Beach:<\/strong><\/h3>\n<ul>\n<li>Otroligt vacker milj\u00f6 inb\u00e4ddad mellan branta klippor vid mynningen av Torrent de Pareis<\/li>\n<li>Tillg\u00e4nglig via dramatiska serpentinv\u00e4gar eller b\u00e5t fr\u00e5n Port de S\u00f3ller<\/li>\n<li>Kristallklart vatten med m\u00f6jligheter att simma och utforska klipporna<\/li>\n<li>En natursk\u00f6n g\u00e5ngtunnel leder till stranden och ger en dramatisk entr\u00e9<\/li>\n<li>Perfekt f\u00f6r natur\u00e4lskare och vandrare som s\u00f6ker Mallorcas karga sk\u00f6nhet<\/li>\n<\/ul>\n<h2>Praktiska tips f\u00f6r att bes\u00f6ka str\u00e4nder<\/h2>\n<p><img decoding=\"async\" class=\"size-full wp-image-1148 aligncenter\" src=\"https:\/\/reiderstadinvest.com\/area\/wp-content\/uploads\/2025\/03\/IMG_6150-2024-04-15-14_23_12-copia.webp\" alt=\"Tips for visiting the beach in Mallorca\" width=\"1200\" height=\"801\" srcset=\"https:\/\/reiderstadinvest.com\/area\/wp-content\/uploads\/2025\/03\/IMG_6150-2024-04-15-14_23_12-copia.webp 1200w, https:\/\/reiderstadinvest.com\/area\/wp-content\/uploads\/2025\/03\/IMG_6150-2024-04-15-14_23_12-copia-768x513.webp 768w\" sizes=\"(max-width: 1200px) 100vw, 1200px\" \/><\/p>\n<p>Planera din perfekta dag p\u00e5 Mallorcas str\u00e4nder med hj\u00e4lp av dessa praktiska tips. Oavsett om du s\u00f6ker en lugn plats eller ett familjev\u00e4nligt resm\u00e5l, kommer denna checklista att hj\u00e4lpa dig att se till att du har allt du beh\u00f6ver f\u00f6r ett trevligt och problemfritt strand\u00e4ventyr.<\/p>\n<h3><strong>F\u00f6lj denna checklista<\/strong><\/h3>\n<p><strong>Tidpunkt:<\/strong><\/p>\n<ul>\n<li>Bes\u00f6k stranden tidigt p\u00e5 morgonen eller sent p\u00e5 eftermiddagen f\u00f6r att undvika tr\u00e4ngsel.<\/li>\n<li>Anl\u00e4nd tidigt f\u00f6r att s\u00e4kra de b\u00e4sta solstolarna och parasollerna.<\/li>\n<\/ul>\n<p><strong>Viktiga saker att ta med:<\/strong><\/p>\n<ul>\n<li>Rikligt med vatten<\/li>\n<li>Solskyddsfaktor<\/li>\n<li>Snacks<\/li>\n<li>Strandhanddukar<\/li>\n<li>En hatt<\/li>\n<li>L\u00e4mpliga skor (f\u00f6r varm sand eller steniga str\u00e4nder)<\/li>\n<\/ul>\n<p><strong>Att t\u00e4nka p\u00e5 f\u00f6r familjer:<\/strong><\/p>\n<ul>\n<li>V\u00e4lj familjev\u00e4nliga str\u00e4nder som Playa de Muro eller Cala d&#8217;Or.<\/li>\n<li>Se till att det finns bekv\u00e4mligheter som till exempel badvakter.<\/li>\n<\/ul>\n<p>Packa med dessa saker och tips i \u00e5tanke f\u00f6r en smidig och trevlig stranddag p\u00e5 Mallorca!<\/p>\n<h2>Slutsats<\/h2>\n<p>Sammanfattningsvis kan Mallorca stoltsera med n\u00e5gra av de mest hisnande str\u00e4nderna, var och en med sin unika charm och sk\u00f6nhet. Oavsett om du s\u00f6ker lugn och avskildhet eller livlig kustenergi, s\u00e5 finns Mallorcas 12 b\u00e4sta str\u00e4nder f\u00f6r alla preferenser.<\/p>\n<p>Fr\u00e5n de or\u00f6rda str\u00e4nderna i Es Trenc till det kristallklara vattnet i Formentor Beach, ett bes\u00f6k p\u00e5 dessa kustp\u00e4rlor lovar of\u00f6rgl\u00f6mliga upplevelser. Planera din resa klokt med tanke p\u00e5 b\u00e4sta tiden f\u00f6r bes\u00f6k, dolda strandp\u00e4rlor, framkomlighet och familjev\u00e4nliga rekommendationer. Omfamna solen, sanden och havet n\u00e4r du utforskar Mallorcas fantastiska kustomr\u00e5den.<\/p>\n<h2>Ofta st\u00e4llda fr\u00e5gor<\/h2>\n<h3>Vilken \u00e4r den b\u00e4sta tiden att bes\u00f6ka str\u00e4nder p\u00e5 Mallorca?<\/h3>\n<p>Den b\u00e4sta tiden att bes\u00f6ka Mallorcas str\u00e4nder \u00e4r under mellans\u00e4songerna, fr\u00e5n maj till juni eller september till oktober. V\u00e4dret \u00e4r fortfarande varmt och soligt, men folkmassorna \u00e4r mindre och priserna \u00e4r mer \u00f6verkomliga.<\/p>\n<h3>Finns det n\u00e5gra dolda str\u00e4nder p\u00e5 Mallorca som \u00e4r v\u00e4rda att utforska?<\/h3>\n<p>Ja, Mallorca har gott om g\u00f6mda str\u00e4nder som v\u00e4ntar p\u00e5 att bli uppt\u00e4ckta. F\u00f6r en riktigt avskild upplevelse, v\u00e5ga dig bortom den upptrampade stigen och utforska \u00f6ns vikar och inlopp. Hyr en kajak, hyr en lokal b\u00e5t eller ta p\u00e5 dig vandringsskorna f\u00f6r att uppt\u00e4cka Mallorcas hemliga strandskatter.<\/p>\n<h3>M\u00e5ste jag betala f\u00f6r att f\u00e5 tillg\u00e5ng till stranden p\u00e5 Mallorca?<\/h3>\n<p>Nej, de flesta str\u00e4nder p\u00e5 Mallorca \u00e4r allm\u00e4nna och gratis att bes\u00f6ka, dock betalar man f\u00f6r bekv\u00e4mligheter som solstolar och parasoller.<\/p>\n<h3>Tips f\u00f6r familjer som bes\u00f6ker str\u00e4nderna p\u00e5 Mallorca?<\/h3>\n<p>Mallorca \u00e4r ett mycket familjev\u00e4nligt resm\u00e5l med m\u00e5nga str\u00e4nder som erbjuder lugnt vatten och gott om plats f\u00f6r barnen att leka. Leta efter str\u00e4nder med grunt vatten, livvakter och n\u00e4rliggande bekv\u00e4mligheter som restauranger och toaletter f\u00f6r en stressfri stranddag.<\/p>\n<hr \/>\n<h1><strong>Om oss<\/strong><\/h1>\n<p>V\u00e5r fastighetsbyr\u00e5 grundades 2012 och har alltid legat i framkant n\u00e4r det g\u00e4ller att avsl\u00f6ja potentialen och f\u00f6rdelarna med att g\u00f6ra Mallorca till ditt hem. Vi har m\u00e5nga \u00e5rs erfarenhet av fastighetsbranschen och v\u00e5ra olika bakgrunder f\u00f6renas med en genuin passion f\u00f6r arkitektur och inredningsdesign, och vi specialiserar oss p\u00e5 lyxfastigheter till salu, s\u00e5som l\u00e4genheter, takv\u00e5ningar med havsutsikt, majest\u00e4tiska villor, nyproduktion, f\u00f6rstklassiga tomter och fastigheter med potential. V\u00e5r expertis t\u00e4cker hela \u00f6n, men v\u00e5rt huvudfokus \u00e4r den f\u00f6rtrollande sydv\u00e4stra delen av Mallorca. P\u00e5 <a href=\"https:\/\/reiderstadinvest.com\/\">Reiderstad Invest<\/a> prioriterar vi relationer framf\u00f6r transaktioner. Du kan f\u00f6rv\u00e4nta dig mer av oss \u00e4n bara en aff\u00e4r &#8211; vi \u00e4r fast beslutna att bygga l\u00e5ngsiktiga relationer med v\u00e5ra kunder.<\/p>\n<h1><strong>Vad vi kan g\u00f6ra f\u00f6r dig<\/strong><\/h1>\n<p>V\u00e5ra tj\u00e4nster slutar inte med att aff\u00e4ren avslutas &#8211; oavsett om du f\u00f6rest\u00e4ller dig en fantastisk renovering av ditt nya hem eller vill ha sofistikerade inredningsl\u00f6sningar kan du lita p\u00e5 att vi ger din vision liv. F\u00f6r den som vill ha sinnesfrid n\u00e4r han eller hon \u00e4r borta fr\u00e5n Mallorca kan v\u00e5r p\u00e5litliga fastighetsf\u00f6rvaltning se till att ditt hem \u00e4r i trygga h\u00e4nder. Om din fastighet ska anv\u00e4ndas som en investering ser vi till att du har p\u00e5litliga hyresg\u00e4ster f\u00f6r att maximera potentialen i din investering. Om du har n\u00e5gra fr\u00e5gor om fastighetsmarknaden eller funderar p\u00e5 att k\u00f6pa eller s\u00e4lja en fastighet p\u00e5 Mallorca, tveka inte att kontakta oss. Vi \u00e4r h\u00e4r f\u00f6r att hj\u00e4lpa dig att f\u00f6rverkliga din dr\u00f6m om att \u00e4ga en del av denna vackra \u00f6. <a href=\"https:\/\/reiderstadinvest.com\/contact\/\">Hitta ditt dr\u00f6mhem p\u00e5 Mallorca \u21d2.<\/a><\/p>\n<p><img decoding=\"async\" class=\"size-full wp-image-500 aligncenter\" src=\"https:\/\/reiderstadinvest.com\/area\/wp-content\/uploads\/2024\/04\/DSC_1649-1-scaled.jpg\" alt=\"\" width=\"2560\" height=\"1709\" srcset=\"https:\/\/reiderstadinvest.com\/area\/wp-content\/uploads\/2024\/04\/DSC_1649-1-scaled.jpg 2048w, https:\/\/reiderstadinvest.com\/area\/wp-content\/uploads\/2024\/04\/DSC_1649-1-300x200.jpg 300w, https:\/\/reiderstadinvest.com\/area\/wp-content\/uploads\/2024\/04\/DSC_1649-1-1024x683.jpg 1024w, https:\/\/reiderstadinvest.com\/area\/wp-content\/uploads\/2024\/04\/DSC_1649-1-768x513.jpg 768w, https:\/\/reiderstadinvest.com\/area\/wp-content\/uploads\/2024\/04\/DSC_1649-1-1536x1025.jpg 1536w\" sizes=\"(max-width: 2560px) 100vw, 2560px\" \/><\/p>\n<style>\r\n.lwrp.link-whisper-related-posts{\r\n            \r\n            margin-top: 40px;\nmargin-bottom: 30px;\r\n        }\r\n        .lwrp .lwrp-title{\r\n            \r\n            font-size: 16px;\r\n        }.lwrp .lwrp-description{\r\n            \r\n            font-size: 12px;\r\n\r\n        }\r\n        .lwrp .lwrp-list-container{\r\n        }\r\n        .lwrp .lwrp-list-multi-container{\r\n            display: flex;\r\n        }\r\n        .lwrp .lwrp-list-double{\r\n            width: 48%;\r\n        }\r\n        .lwrp .lwrp-list-triple{\r\n            width: 32%;\r\n        }\r\n        .lwrp .lwrp-list-row-container{\r\n            display: flex;\r\n            justify-content: space-between;\r\n        }\r\n        .lwrp .lwrp-list-row-container .lwrp-list-item{\r\n            width: calc(33% - 20px);\r\n        }\r\n        .lwrp .lwrp-list-item:not(.lwrp-no-posts-message-item){\r\n            \r\n            margin-bottom: 12px;max-width: 150px;\r\n        }\r\n        .lwrp .lwrp-list-item img{\r\n            max-width: 100%;\r\n            height: auto;\r\n            object-fit: cover;\r\n            aspect-ratio: 1 \/ 1;\r\n        }\r\n        .lwrp .lwrp-list-item.lwrp-empty-list-item{\r\n            background: initial !important;\r\n        }\r\n        .lwrp .lwrp-list-item .lwrp-list-link .lwrp-list-link-title-text,\r\n        .lwrp .lwrp-list-item .lwrp-list-no-posts-message{\r\n            \r\n            font-size: 16px;\r\n            \r\n            \r\n        }@media screen and (max-width: 480px) {\r\n            .lwrp.link-whisper-related-posts{\r\n                \r\n                \r\n            }\r\n            .lwrp .lwrp-title{\r\n                \r\n                \r\n            }.lwrp .lwrp-description{\r\n                \r\n                \r\n            }\r\n            .lwrp .lwrp-list-multi-container{\r\n                flex-direction: column;\r\n            }\r\n            .lwrp .lwrp-list-multi-container ul.lwrp-list{\r\n                margin-top: 0px;\r\n                margin-bottom: 0px;\r\n                padding-top: 0px;\r\n                padding-bottom: 0px;\r\n            }\r\n            .lwrp .lwrp-list-double,\r\n            .lwrp .lwrp-list-triple{\r\n                width: 100%;\r\n            }\r\n            .lwrp .lwrp-list-row-container{\r\n                justify-content: initial;\r\n                flex-direction: column;\r\n            }\r\n            .lwrp .lwrp-list-row-container .lwrp-list-item{\r\n                width: 100%;\r\n            }\r\n            .lwrp .lwrp-list-item:not(.lwrp-no-posts-message-item){\r\n                \r\n                max-width: initial;\r\n            }\r\n            .lwrp .lwrp-list-item .lwrp-list-link .lwrp-list-link-title-text,\r\n            .lwrp .lwrp-list-item .lwrp-list-no-posts-message{\r\n                \r\n                \r\n                \r\n                \r\n            };\r\n        }<\/style>\r\n<div id=\"link-whisper-related-posts-widget\" class=\"link-whisper-related-posts lwrp\">\r\n            <h3 class=\"lwrp-title\">You might also like<\/h3>    \r\n        <div class=\"lwrp-list-container\">\r\n                                <div class=\"lwrp-list lwrp-list-row-container lwrp-list-single-row\">\r\n                <div class=\"lwrp-list-item\"><a href=\"https:\/\/reiderstadinvest.com\/area\/se\/basta-omradena-att-bo-i-pa-mallorca\/\" class=\"lwrp-list-link\"><img width=\"480\" height=\"320\" src=\"https:\/\/reiderstadinvest.com\/area\/wp-content\/uploads\/2025\/03\/Living-in-Palama-de-Mallorca-1.webp\" class=\"attachment-480x480 size-480x480 wp-post-image\" alt=\"Living in Palma de Mallorca. Find the best places to live in Mallorca.\" srcset=\"https:\/\/reiderstadinvest.com\/area\/wp-content\/uploads\/2025\/03\/Living-in-Palama-de-Mallorca-1.webp 1080w, https:\/\/reiderstadinvest.com\/area\/wp-content\/uploads\/2025\/03\/Living-in-Palama-de-Mallorca-1-300x200.webp 300w, https:\/\/reiderstadinvest.com\/area\/wp-content\/uploads\/2025\/03\/Living-in-Palama-de-Mallorca-1-1024x684.webp 1024w, https:\/\/reiderstadinvest.com\/area\/wp-content\/uploads\/2025\/03\/Living-in-Palama-de-Mallorca-1-768x513.webp 768w\" sizes=\"(max-width: 480px) 100vw, 480px\" \/><br><span class=\"lwrp-list-link-title-text\">De 10 b\u00e4sta omr\u00e5dena att bo i p\u00e5 Mallorca 2025<\/span><\/a><\/div><div class=\"lwrp-list-item\"><a href=\"https:\/\/reiderstadinvest.com\/area\/se\/kopprocessen-pa-mallorca\/\" class=\"lwrp-list-link\"><img width=\"464\" height=\"480\" src=\"https:\/\/reiderstadinvest.com\/area\/wp-content\/uploads\/2024\/05\/Tezza-2126-1-scaled-e1716904185139.jpg\" class=\"attachment-480x480 size-480x480 wp-post-image\" alt=\"\" srcset=\"https:\/\/reiderstadinvest.com\/area\/wp-content\/uploads\/2024\/05\/Tezza-2126-1-scaled-e1716904185139.jpg 1979w, https:\/\/reiderstadinvest.com\/area\/wp-content\/uploads\/2024\/05\/Tezza-2126-1-scaled-e1716904185139-290x300.jpg 290w, https:\/\/reiderstadinvest.com\/area\/wp-content\/uploads\/2024\/05\/Tezza-2126-1-scaled-e1716904185139-990x1024.jpg 990w, https:\/\/reiderstadinvest.com\/area\/wp-content\/uploads\/2024\/05\/Tezza-2126-1-scaled-e1716904185139-768x795.jpg 768w, https:\/\/reiderstadinvest.com\/area\/wp-content\/uploads\/2024\/05\/Tezza-2126-1-scaled-e1716904185139-1484x1536.jpg 1484w\" sizes=\"(max-width: 464px) 100vw, 464px\" \/><br><span class=\"lwrp-list-link-title-text\">K\u00f6pprocessen p\u00e5 Mallorca<\/span><\/a><\/div><div class=\"lwrp-list-item\"><a href=\"https:\/\/reiderstadinvest.com\/area\/se\/upptack-illetas-pa-mallorca\/\" class=\"lwrp-list-link\"><img width=\"480\" height=\"270\" src=\"https:\/\/reiderstadinvest.com\/area\/wp-content\/uploads\/2025\/03\/Discovering-Illetas-Mallorca_-A-Beautiful-Coastal-Neighborhood.webp\" class=\"attachment-480x480 size-480x480 wp-post-image\" alt=\"\" srcset=\"https:\/\/reiderstadinvest.com\/area\/wp-content\/uploads\/2025\/03\/Discovering-Illetas-Mallorca_-A-Beautiful-Coastal-Neighborhood.webp 1280w, https:\/\/reiderstadinvest.com\/area\/wp-content\/uploads\/2025\/03\/Discovering-Illetas-Mallorca_-A-Beautiful-Coastal-Neighborhood-768x432.webp 768w\" sizes=\"(max-width: 480px) 100vw, 480px\" \/><br><span class=\"lwrp-list-link-title-text\">Uppt\u00e4ck Illetas p\u00e5 Mallorca: En vacker kustn\u00e4ra stadsdel<\/span><\/a><\/div>                <\/div>\r\n                <\/div>\r\n<\/div>","protected":false},"excerpt":{"rendered":"<p>Utforska den fantastiska \u00f6n Mallorca, med \u00f6ver 50 km or\u00f6rd kustlinje. Uppt\u00e4ck avskilda vikar, familjev\u00e4nliga str\u00e4nder och str\u00e4nder som \u00e4r perfekta f\u00f6r vattensporter. Koppla av p\u00e5 den mjuka, vita sanden och njut av Medelhavssolen. Utforska den naturliga sk\u00f6nheten p\u00e5 Mallorcas str\u00e4nder, fr\u00e5n pinjeskogar till dramatiska klippor. Hitta ditt perfekta strandparadis, oavsett om du s\u00f6ker lugn [&hellip;]<\/p>\n","protected":false},"author":5,"featured_media":1119,"comment_status":"open","ping_status":"closed","sticky":false,"template":"","format":"standard","meta":{"_acf_changed":false,"iawp_total_views":112,"footnotes":""},"categories":[44],"tags":[],"class_list":["post-1201","post","type-post","status-publish","format-standard","has-post-thumbnail","hentry","category-mallorca"],"acf":[],"lang":"se","translations":{"se":1201,"en":1106,"de":1203,"es":1205},"pll_sync_post":[],"_links":{"self":[{"href":"https:\/\/reiderstadinvest.com\/area\/wp-json\/wp\/v2\/posts\/1201","targetHints":{"allow":["GET"]}}],"collection":[{"href":"https:\/\/reiderstadinvest.com\/area\/wp-json\/wp\/v2\/posts"}],"about":[{"href":"https:\/\/reiderstadinvest.com\/area\/wp-json\/wp\/v2\/types\/post"}],"author":[{"embeddable":true,"href":"https:\/\/reiderstadinvest.com\/area\/wp-json\/wp\/v2\/users\/5"}],"replies":[{"embeddable":true,"href":"https:\/\/reiderstadinvest.com\/area\/wp-json\/wp\/v2\/comments?post=1201"}],"version-history":[{"count":5,"href":"https:\/\/reiderstadinvest.com\/area\/wp-json\/wp\/v2\/posts\/1201\/revisions"}],"predecessor-version":[{"id":1242,"href":"https:\/\/reiderstadinvest.com\/area\/wp-json\/wp\/v2\/posts\/1201\/revisions\/1242"}],"wp:featuredmedia":[{"embeddable":true,"href":"https:\/\/reiderstadinvest.com\/area\/wp-json\/wp\/v2\/media\/1119"}],"wp:attachment":[{"href":"https:\/\/reiderstadinvest.com\/area\/wp-json\/wp\/v2\/media?parent=1201"}],"wp:term":[{"taxonomy":"category","embeddable":true,"href":"https:\/\/reiderstadinvest.com\/area\/wp-json\/wp\/v2\/categories?post=1201"},{"taxonomy":"post_tag","embeddable":true,"href":"https:\/\/reiderstadinvest.com\/area\/wp-json\/wp\/v2\/tags?post=1201"}],"curies":[{"name":"wp","href":"https:\/\/api.w.org\/{rel}","templated":true}]}}